{"id":441829,"date":"2016-11-11T10:12:57","date_gmt":"2016-11-11T16:12:57","guid":{"rendered":"https:\/\/www.futboltotal.com.mx\/?p=441829"},"modified":"2016-11-11T10:12:57","modified_gmt":"2016-11-11T16:12:57","slug":"manchester-united-quiere-llevarse-a-rakitic","status":"publish","type":"post","link":"http:\/\/desarrollo.grupomedios.com\/futbol\/futbol-internacional\/manchester-united-quiere-llevarse-a-rakitic\/2016\/11","title":{"rendered":"El Manchester United quiere llevarse a Ivan Rakitic"},"content":{"rendered":"<p>Aunque en Inglaterra todav\u00eda no finaliza ni la primera tercera parte de la liga, parece que el Manchester United ya est\u00e1 pensando en su primer objetivo para reforzarse en el siguiente curso.<\/p>\n<p>Seg\u00fan reportes surgidos en la prensa inglesa, Jos\u00e9 Mourinho tiene en la mira a un jugador para reforzar el medio campo de su equipo. Se trata de Ivan <strong>Rakitic<\/strong>, actual futbolista del Barcelona, quien est\u00e1 pendiente de firmar la renovaci\u00f3n de su contrato.<\/p>\n<p style=\"text-align: center;\"><a href=\"https:\/\/www.futboltotal.com.mx\/2016\/11\/barcelona-pierda-a-defensa-samuel-umtiti\/\" target=\"_blank\"><span style=\"color: #3366ff;\"><strong>LEER M\u00c1S: Barcelona pierde a otro de sus defensas por lesi\u00f3n<\/strong><\/span><\/a><\/p>\n<p>El v\u00ednculo del croata con la entidad <em>Blaugrana<\/em> finaliza en junio de 2019, aunque en Espa\u00f1a se dice que es una de las prioridades en la agenda de la directiva <em>Cul\u00e9<\/em>.<\/p>\n<p>Precisamente por ello el t\u00e9cnico de los <em>Red Devils<\/em> quiere darse prisa para hacer el acercamiento con <strong>Rakitic<\/strong>. Esto lo indica una nota publicada hoy por The Sun.<\/p>\n<p style=\"text-align: center;\"><a href=\"https:\/\/www.futboltotal.com.mx\/2016\/11\/barcelona-prohibe-a-sus-jugadores-hablar-la-prensa\/\" target=\"_blank\"><span style=\"color: #3366ff;\"><strong>LEER M\u00c1S: Barcelona proh\u00edbe a sus jugadores hablar con la prensa<\/strong><\/span><\/a><\/p>\n<p>Seg\u00fan el medio ingl\u00e9s, adem\u00e1s de poner la vista en <strong>Rakitic<\/strong>, en Old Trafford consideran tambi\u00e9n a Mesut \u00d6zil, quien tampoco ha renovado contrato con su club actual, el Arsenal.<\/p>\n<p><strong>Rakitic<\/strong> est\u00e1 jugando su tercera temporada con el Barcelona, en las que ha jugado 123 partidos y marcado 19 goles.<\/p>\n","protected":false},"excerpt":{"rendered":"<p>El Manchester United tiene en la mira como refuerzo a uno de los cracks del Barcelona<\/p>\n","protected":false},"author":20,"featured_media":441835,"comment_status":"closed","ping_status":"closed","sticky":false,"template":"","format":"standard","meta":[],"categories":[3839,3844,3846],"tags":[2086,5984,5132,288,6075,43,1484,687,3465],"_links":{"self":[{"href":"http:\/\/desarrollo.grupomedios.com\/futbol\/wp-json\/wp\/v2\/posts\/441829"}],"collection":[{"href":"http:\/\/desarrollo.grupomedios.com\/futbol\/wp-json\/wp\/v2\/posts"}],"about":[{"href":"http:\/\/desarrollo.grupomedios.com\/futbol\/wp-json\/wp\/v2\/types\/post"}],"author":[{"embeddable":true,"href":"http:\/\/desarrollo.grupomedios.com\/futbol\/wp-json\/wp\/v2\/users\/20"}],"replies":[{"embeddable":true,"href":"http:\/\/desarrollo.grupomedios.com\/futbol\/wp-json\/wp\/v2\/comments?post=441829"}],"version-history":[{"count":0,"href":"http:\/\/desarrollo.grupomedios.com\/futbol\/wp-json\/wp\/v2\/posts\/441829\/revisions"}],"wp:featuredmedia":[{"embeddable":true,"href":"http:\/\/desarrollo.grupomedios.com\/futbol\/wp-json\/wp\/v2\/media\/441835"}],"wp:attachment":[{"href":"http:\/\/desarrollo.grupomedios.com\/futbol\/wp-json\/wp\/v2\/media?parent=441829"}],"wp:term":[{"taxonomy":"category","embeddable":true,"href":"http:\/\/desarrollo.grupomedios.com\/futbol\/wp-json\/wp\/v2\/categories?post=441829"},{"taxonomy":"post_tag","embeddable":true,"href":"http:\/\/desarrollo.grupomedios.com\/futbol\/wp-json\/wp\/v2\/tags?post=441829"}],"curies":[{"name":"wp","href":"https:\/\/api.w.org\/{rel}","templated":true}]}}