{"id":442044,"date":"2016-11-12T16:59:41","date_gmt":"2016-11-12T22:59:41","guid":{"rendered":"https:\/\/www.futboltotal.com.mx\/?p=442044"},"modified":"2016-11-12T16:59:41","modified_gmt":"2016-11-12T22:59:41","slug":"serbia-sorprende-a-bale-gales","status":"publish","type":"post","link":"http:\/\/desarrollo.grupomedios.com\/futbol\/futbol-internacional\/serbia-sorprende-a-bale-gales\/2016\/11","title":{"rendered":"Serbia sorprende a Bale y Gales en eliminatorias"},"content":{"rendered":"<p>Un gol a cuatro minutos del final de Aleksandar Mitrovic frustr\u00f3 las expectativas de Gales, que se adelant\u00f3 en el marcador gracias a<strong> Gareth Bale<\/strong>, y ampli\u00f3 las perspectivas de Serbia en el recorrido clasificatorio hacia Rusia 2018.<\/p>\n<p>El tanto anotado por el delantero serbio del Newcastle afe\u00f3, sin embargo, el rumbo gal\u00e9s, que parec\u00eda enderezado con el gol de<strong> Bale<\/strong> en la primera parte. Ahora, Serbia es segunda del Grupo D con 8 puntos, dos menos que Irlanda. Gales, que solo ha ganado uno de sus cuatro partidos, cosech\u00f3 su tercer empate seguido. Queda tercera en su grupo a cuatro del primer puesto.<\/p>\n<blockquote class=\"twitter-tweet\" data-width=\"500\">\n<p lang=\"en\" dir=\"ltr\">This is how Group D looks following tonight&#39;s 1-1 draw with Serbia. <a href=\"https:\/\/twitter.com\/hashtag\/WALSRB?src=hash\">#WALSRB<\/a> <a href=\"https:\/\/twitter.com\/hashtag\/TogetherStronger?src=hash\">#TogetherStronger<\/a> <a href=\"https:\/\/t.co\/nZhpqMNo32\">pic.twitter.com\/nZhpqMNo32<\/a><\/p>\n<p>&mdash; Wales (@FAWales) <a href=\"https:\/\/twitter.com\/FAWales\/status\/797555710406131712\">November 12, 2016<\/a><\/p><\/blockquote>\n<p><script async src=\"\/\/platform.twitter.com\/widgets.js\" charset=\"utf-8\"><\/script><\/p>\n<p>Serbia se hizo pronto con el mando del encuentro. Acumula menos presi\u00f3n el combinado de Slavoljub Muslin, que cuenta con dos victorias y un empate en sus primeros partidos. Con cierta facilidad llegaba la pelota al \u00e1rea de Wayne Hennessey.<\/p>\n<p>Los intentos de Branislav Ivanovic, primero, y de Dusan Tadic despu\u00e9s, se encontraron con oportunas respuestas galesas. Pudieron, no obstante, poner por delante al cuadro balc\u00e1nico<\/p>\n<p style=\"text-align: center;\"><span style=\"color: #3366ff;\"><a style=\"color: #3366ff;\" href=\"https:\/\/www.futboltotal.com.mx\/2016\/11\/portugal-se-une-al-mannequin-challenge-cristiano-en-calzones\/\">LEER M\u00c1S: Portugal se une al Mannequin Challenge con Cristiano \u00a1en calzones!<\/a><\/span><\/p>\n<p>Pero apareci\u00f3 <strong>Bale<\/strong> y aclar\u00f3 la situaci\u00f3n local en una acci\u00f3n que dej\u00f3 en evidencia a la zaga visitante. Hal Robson Kanu quit\u00f3 el bal\u00f3n a Ivan Obradovic y se lo envi\u00f3 al atacante del Real Madrid, que defini\u00f3 de forma brillante para adelantar a Gales a la media hora de partido.<\/p>\n<p>A continuaci\u00f3n pudo ampliar su ventaja el cuadro de Chris Coleman con un remate de cabeza de Robson Kanu que se march\u00f3 fuera de la porter\u00eda de Vladimir Stojkovic por poco.<\/p>\n<p>Serbia se adue\u00f1\u00f3 de la pelota en busca del empate. Aunque fue Gales la que pudo marcar en una falta lanzada por Bale que oblig\u00f3 a Stojkovic a efectuar una buena parada.<\/p>\n<p><a href=\"https:\/\/www.futboltotal.com.mx\/wp-content\/uploads\/2016\/11\/gales-bale.jpg\"><img decoding=\"async\" loading=\"lazy\" class=\"alignnone size-full wp-image-442046\" src=\"https:\/\/www.futboltotal.com.mx\/wp-content\/uploads\/2016\/11\/gales-bale.jpg\" alt=\"gales-bale\" srcset=\"http:\/\/desarrollo.grupomedios.com\/futbol\/wp-content\/uploads\/2016\/11\/gales-bale.jpg 858w, http:\/\/desarrollo.grupomedios.com\/futbol\/wp-content\/uploads\/2016\/11\/gales-bale-300x151.jpg 300w, http:\/\/desarrollo.grupomedios.com\/futbol\/wp-content\/uploads\/2016\/11\/gales-bale-768x386.jpg 768w, http:\/\/desarrollo.grupomedios.com\/futbol\/wp-content\/uploads\/2016\/11\/gales-bale-340x171.jpg 340w\" sizes=\"(max-width: 858px) 100vw, 858px\" \/><\/a><\/p>\n<p>Pudo sentenciar <strong>Bale<\/strong> con un remate que se estrell\u00f3 en el palo derecho de la porter\u00eda de Stoijkovic a cinco minutos del final.<\/p>\n<p>Pero, a continuaci\u00f3n, fue Serbia la que encontr\u00f3 premio a su insistencia en un centro enviado por Antonio Rokavina que remat\u00f3 de cabeza Aleksandar Mitrovic y que sorprendi\u00f3 a Hennessey.<\/p>\n<p>El gol balc\u00e1nico hundi\u00f3 a Gales, que tuvo el partido en la mano y que fue incapaz de encontrar tiempo y respuesta para poder apropiarse del duelo y aclarar un camino mundialista que ahora queda m\u00e1s que confuso.<\/p>\n","protected":false},"excerpt":{"rendered":"<p>Gales solo ha ganado uno de sus cuatro partidos y ahora cosech\u00f3 su tercer empate seguido<\/p>\n","protected":false},"author":144,"featured_media":442047,"comment_status":"closed","ping_status":"closed","sticky":false,"template":"","format":"standard","meta":[],"categories":[3839,5951],"tags":[1899,6043],"_links":{"self":[{"href":"http:\/\/desarrollo.grupomedios.com\/futbol\/wp-json\/wp\/v2\/posts\/442044"}],"collection":[{"href":"http:\/\/desarrollo.grupomedios.com\/futbol\/wp-json\/wp\/v2\/posts"}],"about":[{"href":"http:\/\/desarrollo.grupomedios.com\/futbol\/wp-json\/wp\/v2\/types\/post"}],"author":[{"embeddable":true,"href":"http:\/\/desarrollo.grupomedios.com\/futbol\/wp-json\/wp\/v2\/users\/144"}],"replies":[{"embeddable":true,"href":"http:\/\/desarrollo.grupomedios.com\/futbol\/wp-json\/wp\/v2\/comments?post=442044"}],"version-history":[{"count":0,"href":"http:\/\/desarrollo.grupomedios.com\/futbol\/wp-json\/wp\/v2\/posts\/442044\/revisions"}],"wp:featuredmedia":[{"embeddable":true,"href":"http:\/\/desarrollo.grupomedios.com\/futbol\/wp-json\/wp\/v2\/media\/442047"}],"wp:attachment":[{"href":"http:\/\/desarrollo.grupomedios.com\/futbol\/wp-json\/wp\/v2\/media?parent=442044"}],"wp:term":[{"taxonomy":"category","embeddable":true,"href":"http:\/\/desarrollo.grupomedios.com\/futbol\/wp-json\/wp\/v2\/categories?post=442044"},{"taxonomy":"post_tag","embeddable":true,"href":"http:\/\/desarrollo.grupomedios.com\/futbol\/wp-json\/wp\/v2\/tags?post=442044"}],"curies":[{"name":"wp","href":"https:\/\/api.w.org\/{rel}","templated":true}]}}