{"id":442077,"date":"2016-11-12T18:58:48","date_gmt":"2016-11-13T00:58:48","guid":{"rendered":"https:\/\/www.futboltotal.com.mx\/?p=442077"},"modified":"2016-11-12T18:59:30","modified_gmt":"2016-11-13T00:59:30","slug":"brasil-convoca-a-ex-jugador-del-cruz-azul","status":"publish","type":"post","link":"http:\/\/desarrollo.grupomedios.com\/futbol\/futbol-mexicano\/brasil-convoca-a-ex-jugador-del-cruz-azul\/2016\/11","title":{"rendered":"Brasil convoca a ex jugador del Cruz Azul"},"content":{"rendered":"<p>La mayor\u00eda de los fichajes extranjeros que hace <strong>Cruz Azul<\/strong> terminan por decepcionar, al punto que la afici\u00f3n cuestiona el trabajo de los cazatalentos, sin embargo, parece ser que estos hacen bien su trabajo y son los jugadores, quienes no rinden pese a su talento, situaci\u00f3n que vivi\u00f3 <strong>Fabio Santos<\/strong>, hoy flamante seleccionado brasile\u00f1o.<\/p>\n<p>El lateral arrib\u00f3 a la M\u00e1quina para el Apertura 2015, al principio deslumbr\u00f3, pero gradualmente baj\u00f3 el ritmo al punto que el entonces t\u00e9cnico del club, Tom\u00e1s Boy, lo mand\u00f3 a la banca y por eso el <em>carioca<\/em>\u00a0sali\u00f3 previo al actual Apertura 2016.<\/p>\n<blockquote class=\"twitter-tweet\" data-width=\"500\">\n<p lang=\"pt\" dir=\"ltr\">F\u00e1bio Santos foi convocado para defender a Sele\u00e7\u00e3o Brasileira no jogo contra o Peru, pelas Eliminat\u00f3rias Copa do Mundo R\u00fassia 2018! <a href=\"https:\/\/twitter.com\/hashtag\/Galo?src=hash\">#Galo<\/a> <a href=\"https:\/\/t.co\/yR2izs1qlA\">pic.twitter.com\/yR2izs1qlA<\/a><\/p>\n<p>&mdash; Atl\u00e9tico (@atletico) <a href=\"https:\/\/twitter.com\/atletico\/status\/797170109882269696\">November 11, 2016<\/a><\/p><\/blockquote>\n<p><script async src=\"\/\/platform.twitter.com\/widgets.js\" charset=\"utf-8\"><\/script><\/p>\n<p><strong>Fabio Santos<\/strong> regres\u00f3 a su pa\u00eds con Atl\u00e9tico Mineiro, donde logr\u00f3 adaptarse y ser titular en el equipo. Sus actuaciones fueron tales que se gan\u00f3 el llamado al <em>Scratch<\/em> para as\u00ed suplir a Marcelo que caus\u00f3 baja por suspensi\u00f3n.<\/p>\n<p>Este no es el primer caso de un jugador que brilla fuera del <strong>Cruz Azul<\/strong>, ya que previo a la Fecha FIFA el delantero argentino, Fernando Belluschi, ingres\u00f3 a la <em>Albiceleste<\/em>.<\/p>\n<p><strong>S\u00edguenos en Twitter<\/strong>:\u00a0<a href=\"https:\/\/twitter.com\/MXFutbolTotal\">@MXFutbolTotal<\/a><\/p>\n","protected":false},"excerpt":{"rendered":"<p>Fabio Santos suplir\u00e1 a Marcelo en el Scratch<\/p>\n","protected":false},"author":20,"featured_media":442078,"comment_status":"closed","ping_status":"closed","sticky":false,"template":"","format":"standard","meta":[],"categories":[2198,3845,5951],"tags":[6009,5962],"_links":{"self":[{"href":"http:\/\/desarrollo.grupomedios.com\/futbol\/wp-json\/wp\/v2\/posts\/442077"}],"collection":[{"href":"http:\/\/desarrollo.grupomedios.com\/futbol\/wp-json\/wp\/v2\/posts"}],"about":[{"href":"http:\/\/desarrollo.grupomedios.com\/futbol\/wp-json\/wp\/v2\/types\/post"}],"author":[{"embeddable":true,"href":"http:\/\/desarrollo.grupomedios.com\/futbol\/wp-json\/wp\/v2\/users\/20"}],"replies":[{"embeddable":true,"href":"http:\/\/desarrollo.grupomedios.com\/futbol\/wp-json\/wp\/v2\/comments?post=442077"}],"version-history":[{"count":0,"href":"http:\/\/desarrollo.grupomedios.com\/futbol\/wp-json\/wp\/v2\/posts\/442077\/revisions"}],"wp:featuredmedia":[{"embeddable":true,"href":"http:\/\/desarrollo.grupomedios.com\/futbol\/wp-json\/wp\/v2\/media\/442078"}],"wp:attachment":[{"href":"http:\/\/desarrollo.grupomedios.com\/futbol\/wp-json\/wp\/v2\/media?parent=442077"}],"wp:term":[{"taxonomy":"category","embeddable":true,"href":"http:\/\/desarrollo.grupomedios.com\/futbol\/wp-json\/wp\/v2\/categories?post=442077"},{"taxonomy":"post_tag","embeddable":true,"href":"http:\/\/desarrollo.grupomedios.com\/futbol\/wp-json\/wp\/v2\/tags?post=442077"}],"curies":[{"name":"wp","href":"https:\/\/api.w.org\/{rel}","templated":true}]}}