{"id":442092,"date":"2016-11-12T20:54:48","date_gmt":"2016-11-13T02:54:48","guid":{"rendered":"https:\/\/www.futboltotal.com.mx\/?p=442092"},"modified":"2016-11-12T20:55:28","modified_gmt":"2016-11-13T02:55:28","slug":"nino-festeja-paul-aguilar-se-vuelve-viral","status":"publish","type":"post","link":"http:\/\/desarrollo.grupomedios.com\/futbol\/videos\/nino-festeja-paul-aguilar-se-vuelve-viral\/2016\/11","title":{"rendered":"Se hace viral, video de ni\u00f1o que festeja como Paul Aguilar"},"content":{"rendered":"<p>Festejar un gol suele despertar inter\u00e9s entre los aficionados, pues si bien, la mayor\u00eda de los jugadores se limitan a las mismas expresiones de felicidad, aunque hay quienes muestran mayor ingenio. En la Liga MX, el lateral del <strong>Am\u00e9rica<\/strong>, <strong>Paul Aguilar<\/strong>, se destaca en dicho rubro, por eso no sorprende que existan ni\u00f1os que lo imiten, caso que se volvi\u00f3 viral en Internet, donde un peque\u00f1o decidi\u00f3 acaparar las c\u00e1maras al celebrar como el futbolista <em>\u00e1guila<\/em>.<\/p>\n<p><iframe loading=\"lazy\" src=\"https:\/\/www.youtube.com\/embed\/PitgTsLAQ78?feature=oembed\" frameborder=\"0\" allowfullscreen><\/iframe><\/p>\n<p>Fuente: Youtube | Canal: Aldair Mar<\/p>\n<p><strong>S\u00edguenos en Twitter<\/strong>:\u00a0<a href=\"https:\/\/twitter.com\/MXFutbolTotal\">@MXFutbolTotal<\/a><\/p>\n","protected":false},"excerpt":{"rendered":"<p>El infante acapar\u00f3 los reflectores <\/p>\n","protected":false},"author":20,"featured_media":442094,"comment_status":"closed","ping_status":"closed","sticky":false,"template":"","format":"standard","meta":[],"categories":[2198,3845,4],"tags":[5959,216],"_links":{"self":[{"href":"http:\/\/desarrollo.grupomedios.com\/futbol\/wp-json\/wp\/v2\/posts\/442092"}],"collection":[{"href":"http:\/\/desarrollo.grupomedios.com\/futbol\/wp-json\/wp\/v2\/posts"}],"about":[{"href":"http:\/\/desarrollo.grupomedios.com\/futbol\/wp-json\/wp\/v2\/types\/post"}],"author":[{"embeddable":true,"href":"http:\/\/desarrollo.grupomedios.com\/futbol\/wp-json\/wp\/v2\/users\/20"}],"replies":[{"embeddable":true,"href":"http:\/\/desarrollo.grupomedios.com\/futbol\/wp-json\/wp\/v2\/comments?post=442092"}],"version-history":[{"count":0,"href":"http:\/\/desarrollo.grupomedios.com\/futbol\/wp-json\/wp\/v2\/posts\/442092\/revisions"}],"wp:featuredmedia":[{"embeddable":true,"href":"http:\/\/desarrollo.grupomedios.com\/futbol\/wp-json\/wp\/v2\/media\/442094"}],"wp:attachment":[{"href":"http:\/\/desarrollo.grupomedios.com\/futbol\/wp-json\/wp\/v2\/media?parent=442092"}],"wp:term":[{"taxonomy":"category","embeddable":true,"href":"http:\/\/desarrollo.grupomedios.com\/futbol\/wp-json\/wp\/v2\/categories?post=442092"},{"taxonomy":"post_tag","embeddable":true,"href":"http:\/\/desarrollo.grupomedios.com\/futbol\/wp-json\/wp\/v2\/tags?post=442092"}],"curies":[{"name":"wp","href":"https:\/\/api.w.org\/{rel}","templated":true}]}}