{"id":442120,"date":"2016-11-13T11:22:49","date_gmt":"2016-11-13T17:22:49","guid":{"rendered":"https:\/\/www.futboltotal.com.mx\/?p=442120"},"modified":"2016-11-13T11:25:08","modified_gmt":"2016-11-13T17:25:08","slug":"bastian-schweinsteiger-con-oferta-en-la-mls","status":"publish","type":"post","link":"http:\/\/desarrollo.grupomedios.com\/futbol\/futbol-internacional\/bastian-schweinsteiger-con-oferta-en-la-mls\/2016\/11","title":{"rendered":"Bastian Schweinsteiger, con oferta en la MLS"},"content":{"rendered":"<p>Una semana despu\u00e9s de haber regresado a los entrenamientos con el primer equipo del Manchester United, el mediocampista alem\u00e1n\u00a0<strong>Bastian Schweinsteiger<\/strong>\u00a0ha sido colocado como una de las opciones que intenta fichar el Chicago Fire de la MLS.<\/p>\n<p><strong>Schweinsteiger<\/strong>, descarte del estratega Jos\u00e9 Mourinho y quien hab\u00eda entrenado con el equipo filial desde hace dos meses, fue colocado por <em>ESPN FC\u00a0<\/em>como uno de los <em>cracks <\/em>que puede engrosar el elenco de estrellas europeas -como Pirlo, Kaka, Villa, Lampard o Gerrard- que viven el ocaso de su carrera en Estados Unidos.<\/p>\n<p style=\"text-align: center;\"><a href=\"https:\/\/www.futboltotal.com.mx\/futbol-internacional\/\"><span style=\"color: #3366ff;\">LEER M\u00c1S: Todas las noticias de futbol internacional<\/span><\/a><\/p>\n<p style=\"text-align: left;\">El medio citado revela que el exmediocampista del Bayern M\u00fanich tiene una oferta del Chicago Fire para concretar su traspaso durante el mercado invernal y firmar un contrato por dos a\u00f1os. Bastian comenzar\u00eda a jugar en la MLS a partir de marzo, cuando inicia la temporada 2017.<\/p>\n<p style=\"text-align: left;\">A pesar de que <strong>Schweinsteiger\u00a0<\/strong>regres\u00f3 al primer equipo del United &#8220;sus posibilidades de jugar son m\u00ednimas&#8221;, seg\u00fan apunt\u00f3 el estratega Jos\u00e9 Mourinho. Pese a ello, el mediocampista sigue entrenando tras haber recibido oportunidad del DT de Set\u00fabal y ahora\u00a0valora la posibilidad de cambiar de club.<\/p>\n<p style=\"text-align: left;\">Con 32 a\u00f1os y tras haberse retirado de la selecci\u00f3n alemana, &#8220;Bastian espera definir su futuro lo antes posible&#8221;, explica el medio citado. Pero siempre respetando las palabras que dio tras confirmarse la rescisi\u00f3n de su contrato con el Manchester United: &#8220;El MUFC ser\u00e1 mi \u00faltimo club en Europa, fue el \u00fanico que pudo hacerme dejar al Bayern Munich&#8221;.<\/p>\n","protected":false},"excerpt":{"rendered":"<p>El mediocampista alem\u00e1n tiene ofertas y valora cambiar de club <\/p>\n","protected":false},"author":20,"featured_media":442122,"comment_status":"closed","ping_status":"closed","sticky":false,"template":"","format":"standard","meta":[],"categories":[3839,5951],"tags":[5746,43],"_links":{"self":[{"href":"http:\/\/desarrollo.grupomedios.com\/futbol\/wp-json\/wp\/v2\/posts\/442120"}],"collection":[{"href":"http:\/\/desarrollo.grupomedios.com\/futbol\/wp-json\/wp\/v2\/posts"}],"about":[{"href":"http:\/\/desarrollo.grupomedios.com\/futbol\/wp-json\/wp\/v2\/types\/post"}],"author":[{"embeddable":true,"href":"http:\/\/desarrollo.grupomedios.com\/futbol\/wp-json\/wp\/v2\/users\/20"}],"replies":[{"embeddable":true,"href":"http:\/\/desarrollo.grupomedios.com\/futbol\/wp-json\/wp\/v2\/comments?post=442120"}],"version-history":[{"count":0,"href":"http:\/\/desarrollo.grupomedios.com\/futbol\/wp-json\/wp\/v2\/posts\/442120\/revisions"}],"wp:featuredmedia":[{"embeddable":true,"href":"http:\/\/desarrollo.grupomedios.com\/futbol\/wp-json\/wp\/v2\/media\/442122"}],"wp:attachment":[{"href":"http:\/\/desarrollo.grupomedios.com\/futbol\/wp-json\/wp\/v2\/media?parent=442120"}],"wp:term":[{"taxonomy":"category","embeddable":true,"href":"http:\/\/desarrollo.grupomedios.com\/futbol\/wp-json\/wp\/v2\/categories?post=442120"},{"taxonomy":"post_tag","embeddable":true,"href":"http:\/\/desarrollo.grupomedios.com\/futbol\/wp-json\/wp\/v2\/tags?post=442120"}],"curies":[{"name":"wp","href":"https:\/\/api.w.org\/{rel}","templated":true}]}}