{"id":442141,"date":"2016-11-13T14:35:57","date_gmt":"2016-11-13T20:35:57","guid":{"rendered":"https:\/\/www.futboltotal.com.mx\/?p=442141"},"modified":"2016-11-13T15:12:47","modified_gmt":"2016-11-13T21:12:47","slug":"holanda-gana-respira-en-eliminatorias-mundialistas","status":"publish","type":"post","link":"http:\/\/desarrollo.grupomedios.com\/futbol\/futbol-internacional\/holanda-gana-respira-en-eliminatorias-mundialistas\/2016\/11","title":{"rendered":"Holanda respira con golazos de Depay"},"content":{"rendered":"<p>Sin desplegar un futbol espectacular y dejando muchas dudas, la selecci\u00f3n de <strong>Holanda<\/strong> venci\u00f3 como visitante, en el Estadio Josy Barthel, a su similar de Luxemburgo 3-1, en juego correspondiente a la cuarta jornada de la eliminatoria mundialista rumbo a Rusia 2018.<\/p>\n<p>Holanda inici\u00f3 con iniciativa al saberse superior a su rival hombre por hombre; sin embargo, las constantes faltas que se fueron suscitando de parte de ambas escuadras y fueron trabando el partido.<\/p>\n<p style=\"text-align: center;\"><a href=\"https:\/\/www.futboltotal.com.mx\/futbol-internacional\/\"><span style=\"color: #3366ff;\">LEER M\u00c1S: Todas las noticias de futbol internacional<\/span><\/a><\/p>\n<p style=\"text-align: center;\"><a href=\"https:\/\/www.futboltotal.com.mx\/wp-content\/uploads\/2016\/11\/Robben-Holanda.jpg\"><img decoding=\"async\" loading=\"lazy\" class=\"alignnone size-full wp-image-442144\" src=\"https:\/\/www.futboltotal.com.mx\/wp-content\/uploads\/2016\/11\/Robben-Holanda.jpg\" alt=\"robben-holanda\" srcset=\"http:\/\/desarrollo.grupomedios.com\/futbol\/wp-content\/uploads\/2016\/11\/Robben-Holanda.jpg 858w, http:\/\/desarrollo.grupomedios.com\/futbol\/wp-content\/uploads\/2016\/11\/Robben-Holanda-300x151.jpg 300w, http:\/\/desarrollo.grupomedios.com\/futbol\/wp-content\/uploads\/2016\/11\/Robben-Holanda-768x386.jpg 768w, http:\/\/desarrollo.grupomedios.com\/futbol\/wp-content\/uploads\/2016\/11\/Robben-Holanda-340x171.jpg 340w\" sizes=\"(max-width: 858px) 100vw, 858px\" \/><\/a><\/p>\n<p>Al minuto 36, el mediocampista Arjen Robben puso adelante a la <em>Naranja Mec\u00e1nica<\/em>, gracias a un implacable zurdazo.<\/p>\n<p>Cerca del final del primer lapso, la escuadra &#8220;le\u00f3n rojo&#8221; sorprendi\u00f3 e igual\u00f3 a los visitantes por conducto del defensor Maxime Chanot, quien ejecut\u00f3 correctamente un penal para as\u00ed irse al entretiempo con el empate parcial.<\/p>\n<p>Para el complemento, los holandeses se sent\u00edan con la obligaci\u00f3n de ir al frente en busca del resultado, y en el minuto 58, el volante Memphis Depay concret\u00f3 un certero cabezazo para devolverle la ventaja a su combinado nacional 2-1.<\/p>\n<p><iframe loading=\"lazy\" src=\"https:\/\/www.youtube.com\/embed\/IQ3f_N0D6ZI\" frameborder=\"0\" allowfullscreen=\"allowfullscreen\"><\/iframe><\/p>\n<p>A seis minutos del final, nuevamente el futbolista del Manchester United de Inglaterra, Depay, firm\u00f3 su doblete al marcar de tiro libre y decretar la victoria 3-1 en el campo de Luxemburgo.<\/p>\n<p>Con esta victoria, Holanda de momento se coloca en la segunda posici\u00f3n del Grupo A de la eliminatoria mundialista de la Uni\u00f3n de Asociaciones Europeas de Futbol (UEFA) rumbo al mundial de Rusia 2018.<\/p>\n","protected":false},"excerpt":{"rendered":"<p>La Naranja Mec\u00e1nica tambi\u00e9n cont\u00f3 con un buen gol de Arjen Robben<\/p>\n","protected":false},"author":20,"featured_media":442142,"comment_status":"closed","ping_status":"closed","sticky":false,"template":"","format":"standard","meta":[],"categories":[3839,5951],"tags":[7395,6024],"_links":{"self":[{"href":"http:\/\/desarrollo.grupomedios.com\/futbol\/wp-json\/wp\/v2\/posts\/442141"}],"collection":[{"href":"http:\/\/desarrollo.grupomedios.com\/futbol\/wp-json\/wp\/v2\/posts"}],"about":[{"href":"http:\/\/desarrollo.grupomedios.com\/futbol\/wp-json\/wp\/v2\/types\/post"}],"author":[{"embeddable":true,"href":"http:\/\/desarrollo.grupomedios.com\/futbol\/wp-json\/wp\/v2\/users\/20"}],"replies":[{"embeddable":true,"href":"http:\/\/desarrollo.grupomedios.com\/futbol\/wp-json\/wp\/v2\/comments?post=442141"}],"version-history":[{"count":0,"href":"http:\/\/desarrollo.grupomedios.com\/futbol\/wp-json\/wp\/v2\/posts\/442141\/revisions"}],"wp:featuredmedia":[{"embeddable":true,"href":"http:\/\/desarrollo.grupomedios.com\/futbol\/wp-json\/wp\/v2\/media\/442142"}],"wp:attachment":[{"href":"http:\/\/desarrollo.grupomedios.com\/futbol\/wp-json\/wp\/v2\/media?parent=442141"}],"wp:term":[{"taxonomy":"category","embeddable":true,"href":"http:\/\/desarrollo.grupomedios.com\/futbol\/wp-json\/wp\/v2\/categories?post=442141"},{"taxonomy":"post_tag","embeddable":true,"href":"http:\/\/desarrollo.grupomedios.com\/futbol\/wp-json\/wp\/v2\/tags?post=442141"}],"curies":[{"name":"wp","href":"https:\/\/api.w.org\/{rel}","templated":true}]}}