{"id":442218,"date":"2016-11-14T10:31:30","date_gmt":"2016-11-14T16:31:30","guid":{"rendered":"https:\/\/www.futboltotal.com.mx\/?p=442218"},"modified":"2016-11-14T13:31:12","modified_gmt":"2016-11-14T19:31:12","slug":"pep-guardiola-y-su-video-en-pro-de-los-refugiados","status":"publish","type":"post","link":"http:\/\/desarrollo.grupomedios.com\/futbol\/futbol-internacional\/pep-guardiola-y-su-video-en-pro-de-los-refugiados\/2016\/11","title":{"rendered":"Pep Guardiola y su video en pro de los refugiados"},"content":{"rendered":"<p>Pep <strong>Guardiola<\/strong> ha mostrado este lunes su lado m\u00e1s solidario, al mostrar su apoyo a la causa de Proactiva Open Arms, una organizaci\u00f3n no gubernamental que trabaja para salvar refugiados en el mar mediterr\u00e1neo.<\/p>\n<p>Proactiva Open Arms naci\u00f3 en Badalona, un municipio de Barcelona, cuya misi\u00f3n principal es rescatar en el mar a refugiados que huyen de la guerra; <strong>Guardiola<\/strong> apoya su causa y lo ha demostrado ahora con un video.<\/p>\n<p style=\"text-align: center;\"><a href=\"https:\/\/www.futboltotal.com.mx\/2016\/11\/guardiola-rechaza-pelea-messi-arteta\/\" target=\"_blank\"><span style=\"color: #3366ff;\"><strong>LEER M\u00c1S: Guardiola rechaza pelea entre Messi y Arteta<\/strong><\/span><\/a><\/p>\n<p>En \u00e9l, el director t\u00e9cnico del Manchester City comienza diciendo: \u201cConozco un equipo. Un equipo que cada d\u00eda juega una final. Que no deja a ning\u00fan jugador sin jugar\u201d.<\/p>\n<p>A trav\u00e9s del uso de lenguaje futbol\u00edstico, <strong>Guardiola<\/strong> destaca las virtudes de Proactiva Open Arms, mientras se muestran im\u00e1genes impactantes y conmovedoras acerca de la labor que la ONG realiza.<\/p>\n<p style=\"text-align: center;\"><a href=\"https:\/\/www.futboltotal.com.mx\/2016\/11\/guardiola-sorprende-se-rinde-al-barca\/\" target=\"_blank\"><span style=\"color: #3366ff;\"><strong>LEER M\u00c1S: Guardiola sorprende y se rinde al Bar\u00e7a<\/strong><\/span><\/a><\/p>\n<p>El t\u00e9cnico catal\u00e1n\u00a0define finalmente a Proactiva Open Armas como \u201cEl equipo m\u00e1s valiente del mundo\u201d. Vean abajo el video completo.<\/p>\n<blockquote class=\"twitter-tweet\" data-lang=\"es\">\n<p dir=\"ltr\" lang=\"es\">Pep Guardiola nos presenta al equipo m\u00e1s valiente. \u00c9l ya se ha unido, \u00bfte unes t\u00fa tambi\u00e9n? <a href=\"https:\/\/t.co\/KyXmWVNlp9\">pic.twitter.com\/KyXmWVNlp9<\/a><\/p>\n<p>\u2014 PROACTIVA OPEN ARMS (@PROACTIVA_SERV) <a href=\"https:\/\/twitter.com\/PROACTIVA_SERV\/status\/798112400226533376\">14 de noviembre de 2016<\/a><\/p><\/blockquote>\n<p><script async src=\"\/\/platform.twitter.com\/widgets.js\" charset=\"utf-8\"><\/script><\/p>\n","protected":false},"excerpt":{"rendered":"<p>Guardiola mostr\u00f3 su lado m\u00e1s solidario al participar en un video con una ONG<\/p>\n","protected":false},"author":20,"featured_media":424723,"comment_status":"closed","ping_status":"closed","sticky":false,"template":"","format":"standard","meta":[],"categories":[3839,3846,5951],"tags":[2450,2510,6075,5993,1791],"_links":{"self":[{"href":"http:\/\/desarrollo.grupomedios.com\/futbol\/wp-json\/wp\/v2\/posts\/442218"}],"collection":[{"href":"http:\/\/desarrollo.grupomedios.com\/futbol\/wp-json\/wp\/v2\/posts"}],"about":[{"href":"http:\/\/desarrollo.grupomedios.com\/futbol\/wp-json\/wp\/v2\/types\/post"}],"author":[{"embeddable":true,"href":"http:\/\/desarrollo.grupomedios.com\/futbol\/wp-json\/wp\/v2\/users\/20"}],"replies":[{"embeddable":true,"href":"http:\/\/desarrollo.grupomedios.com\/futbol\/wp-json\/wp\/v2\/comments?post=442218"}],"version-history":[{"count":0,"href":"http:\/\/desarrollo.grupomedios.com\/futbol\/wp-json\/wp\/v2\/posts\/442218\/revisions"}],"wp:featuredmedia":[{"embeddable":true,"href":"http:\/\/desarrollo.grupomedios.com\/futbol\/wp-json\/wp\/v2\/media\/424723"}],"wp:attachment":[{"href":"http:\/\/desarrollo.grupomedios.com\/futbol\/wp-json\/wp\/v2\/media?parent=442218"}],"wp:term":[{"taxonomy":"category","embeddable":true,"href":"http:\/\/desarrollo.grupomedios.com\/futbol\/wp-json\/wp\/v2\/categories?post=442218"},{"taxonomy":"post_tag","embeddable":true,"href":"http:\/\/desarrollo.grupomedios.com\/futbol\/wp-json\/wp\/v2\/tags?post=442218"}],"curies":[{"name":"wp","href":"https:\/\/api.w.org\/{rel}","templated":true}]}}