{"id":442223,"date":"2016-11-14T10:32:11","date_gmt":"2016-11-14T16:32:11","guid":{"rendered":"https:\/\/www.futboltotal.com.mx\/?p=442223"},"modified":"2016-11-14T10:32:34","modified_gmt":"2016-11-14T16:32:34","slug":"gerardo-torrado-la-cruzazulea-en-la-nasl","status":"publish","type":"post","link":"http:\/\/desarrollo.grupomedios.com\/futbol\/futbol-internacional\/gerardo-torrado-la-cruzazulea-en-la-nasl\/2016\/11","title":{"rendered":"Gerardo Torrado la &#8216;cruzazulea&#8217; en la NASL"},"content":{"rendered":"<p>La noche del domingo 13 de noviembre, <strong>Gerardo Torrado<\/strong> revivi\u00f3 un penoso episodio deportivo, pues a tres a\u00f1os de haber dejado ir e t\u00edtulo de Liga MX con <a href=\"http:\/\/www.futboltotal.com.mx\/equipos\/cruz-azul\/\" target=\"_blank\">Cruz Azul<\/a> a trav\u00e9s de los penales, ahora le volvi\u00f3 a suceder con el <strong>Indy Eleven<\/strong>, en la final de la NASL.<\/p>\n<p>La North American Soccer League, donde juega <strong>Gerardo Torrado<\/strong>, es una liga de futbol estadunidense, considerada como la Segunda Divisi\u00f3n del balompi\u00e9 norteamericano, aunque no hay conexi\u00f3n con la MLS, ya que no existen descenos ni ascensos entre ambas ligas. El torneo inici\u00f3 en julio pasado y tuvo 15 jornadas, para despu\u00e9s iniciar con la etapa de Liguilla, como en la Liga MX.<\/p>\n<p style=\"text-align: center;\"><span style=\"color: #3366ff;\"><a style=\"color: #3366ff;\" href=\"https:\/\/www.futboltotal.com.mx\/2016\/11\/tri-femenil-arranca-victoria-en-mundial-sub-20\/\" target=\"_blank\"><strong>LEER M\u00c1S: TRI Femenil arranca con victoria en Mundial Sub-20<\/strong><\/a><\/span><\/p>\n<p>La final se llev\u00f3 a cabo entre el <strong>Indy Eleven<\/strong> y el NY Cosmos, donde no hubo anotaciones; Gerardo Torrado ingres\u00f3 en el segundo tiempo y jug\u00f3 la pr\u00f3rroga pero no pudo colaborar para que su club abriera el marcador, por lo que el encuentro se fue a la tanda de penales, donde el cuadro de New York fue m\u00e1s preciso. El mexicano no cobr\u00f3 en la serie de penas m\u00e1ximas.<\/p>\n<blockquote class=\"twitter-tweet\" data-width=\"500\">\n<p lang=\"es\" dir=\"ltr\">La maldici\u00f3n de Cruz Azul persigue a Gerardo Torrado, y pierde la final de la NASL con el Indy Eleven <a href=\"https:\/\/t.co\/gv1aSVp8jZ\">pic.twitter.com\/gv1aSVp8jZ<\/a><\/p>\n<p>&mdash; Rafael Rivera (@RafaDatos) <a href=\"https:\/\/twitter.com\/RafaDatos\/status\/798001412567351296\">November 14, 2016<\/a><\/p><\/blockquote>\n<p><script async src=\"\/\/platform.twitter.com\/widgets.js\" charset=\"utf-8\"><\/script><\/p>\n<p><strong>S\u00edguenos en Twitter<\/strong>: <a href=\"https:\/\/twitter.com\/MXFutbolTotal\" target=\"_blank\">@MXFutbolTotal<\/a><\/p>\n","protected":false},"excerpt":{"rendered":"<p>El Indy Eleven dej\u00f3 escapar el t\u00edtulo en penales<\/p>\n","protected":false},"author":20,"featured_media":442224,"comment_status":"closed","ping_status":"closed","sticky":false,"template":"","format":"standard","meta":[],"categories":[3839,7580,5951],"tags":[379],"_links":{"self":[{"href":"http:\/\/desarrollo.grupomedios.com\/futbol\/wp-json\/wp\/v2\/posts\/442223"}],"collection":[{"href":"http:\/\/desarrollo.grupomedios.com\/futbol\/wp-json\/wp\/v2\/posts"}],"about":[{"href":"http:\/\/desarrollo.grupomedios.com\/futbol\/wp-json\/wp\/v2\/types\/post"}],"author":[{"embeddable":true,"href":"http:\/\/desarrollo.grupomedios.com\/futbol\/wp-json\/wp\/v2\/users\/20"}],"replies":[{"embeddable":true,"href":"http:\/\/desarrollo.grupomedios.com\/futbol\/wp-json\/wp\/v2\/comments?post=442223"}],"version-history":[{"count":0,"href":"http:\/\/desarrollo.grupomedios.com\/futbol\/wp-json\/wp\/v2\/posts\/442223\/revisions"}],"wp:featuredmedia":[{"embeddable":true,"href":"http:\/\/desarrollo.grupomedios.com\/futbol\/wp-json\/wp\/v2\/media\/442224"}],"wp:attachment":[{"href":"http:\/\/desarrollo.grupomedios.com\/futbol\/wp-json\/wp\/v2\/media?parent=442223"}],"wp:term":[{"taxonomy":"category","embeddable":true,"href":"http:\/\/desarrollo.grupomedios.com\/futbol\/wp-json\/wp\/v2\/categories?post=442223"},{"taxonomy":"post_tag","embeddable":true,"href":"http:\/\/desarrollo.grupomedios.com\/futbol\/wp-json\/wp\/v2\/tags?post=442223"}],"curies":[{"name":"wp","href":"https:\/\/api.w.org\/{rel}","templated":true}]}}