{"id":442278,"date":"2016-11-14T14:01:49","date_gmt":"2016-11-14T20:01:49","guid":{"rendered":"https:\/\/www.futboltotal.com.mx\/?p=442278"},"modified":"2016-11-14T14:11:27","modified_gmt":"2016-11-14T20:11:27","slug":"kempes-critica-a-messi-compania","status":"publish","type":"post","link":"http:\/\/desarrollo.grupomedios.com\/futbol\/futbol-internacional\/kempes-critica-a-messi-compania\/2016\/11","title":{"rendered":"Kempes critica a Lionel Messi y compa\u00f1\u00eda"},"content":{"rendered":"<p>El exfutbolista argentino Mario Alberto Kempes no encontr\u00f3 explicaciones para el mal rendimiento de la selecci\u00f3n de Argentina en la eliminatoria mundialista y afirm\u00f3 que si los futbolistas en verdad son un grupo de amigos del astro <strong>Lionel Messi<\/strong>, deben demostrarlo en el campo.<\/p>\n<p>&#8220;Mantenemos las esperanzas. Si en verdad es como se dice que esta es una selecci\u00f3n de amigos de <strong>Messi<\/strong>, que lo demuestren en la cancha y se comporten como tales&#8221;, declar\u00f3 el campe\u00f3n de mundo en 1978 en conferencia de prensa en San Jos\u00e9.<\/p>\n<p style=\"text-align: center;\"><span style=\"color: #3366ff;\"><a style=\"color: #3366ff;\" href=\"https:\/\/www.futboltotal.com.mx\/2016\/11\/lampard-se-va-la-mls\/\">LEER M\u00c1S: Frank Lampard se va de la MLS<\/a><\/span><\/p>\n<p>Argentina, a la que un sector de la prensa cataloga como un equipo de amigos de <strong>Lionel<\/strong> <strong>Messi<\/strong>, marcha en la sexta casilla de las eliminatorias sudamericanas con 16 puntos tras 11 jornadas disputadas y de momento est\u00e1 fuera de la zona de clasificaci\u00f3n al Mundial de Rusia 2018.<\/p>\n<p>&#8220;No entendemos por qu\u00e9 est\u00e1 pasando esta situaci\u00f3n. Tenemos la mejor camada que ha tenido el futbol argentino y sin embargo han llegado a tres finales y han perdido las tres&#8221;, dijo el exdelantero Kempes al hacer referencia a las finales de las dos \u00faltimas Copas Am\u00e9rica y la del Mundial de Brasil 2014.<\/p>\n<p>Kempes coment\u00f3 que lo que queda a los argentinos es &#8220;mantener la esperanza&#8221; en el equipo y asegur\u00f3 que \u00e9l tiene &#8220;la confianza depositada en estos muchachos&#8221;.<\/p>\n<p style=\"text-align: center;\"><a href=\"https:\/\/www.futboltotal.com.mx\/2016\/11\/lionel-messi-dejaria-al-barcelona-en-2018\/\"><span style=\"color: #3366ff;\">LEER M\u00c1S: Lionel Messi dejar\u00eda al Barcelona en 2018<\/span><\/a><\/p>\n<p>La Albiceleste con <strong>Lionel Messi<\/strong> fue goleada el jueves por 3-0 en su visita a Brasil, un resultado que pudo ser m\u00e1s abultado y que desat\u00f3 numerosas cr\u00edticas de la prensa al seleccionador Edgardo Bauza y sus dirigidos.<\/p>\n<p>La albiceleste deber\u00e1 comenzar a recomponer su camino ma\u00f1ana cuando reciba a Colombia, que es tercero en la clasificaci\u00f3n con 18 puntos.<\/p>\n","protected":false},"excerpt":{"rendered":"<p>Considera que la mejor camada del futbol argentino ha quedado a deber.<\/p>\n","protected":false},"author":144,"featured_media":442281,"comment_status":"closed","ping_status":"closed","sticky":false,"template":"","format":"standard","meta":[],"categories":[3839],"tags":[5996,6251],"_links":{"self":[{"href":"http:\/\/desarrollo.grupomedios.com\/futbol\/wp-json\/wp\/v2\/posts\/442278"}],"collection":[{"href":"http:\/\/desarrollo.grupomedios.com\/futbol\/wp-json\/wp\/v2\/posts"}],"about":[{"href":"http:\/\/desarrollo.grupomedios.com\/futbol\/wp-json\/wp\/v2\/types\/post"}],"author":[{"embeddable":true,"href":"http:\/\/desarrollo.grupomedios.com\/futbol\/wp-json\/wp\/v2\/users\/144"}],"replies":[{"embeddable":true,"href":"http:\/\/desarrollo.grupomedios.com\/futbol\/wp-json\/wp\/v2\/comments?post=442278"}],"version-history":[{"count":0,"href":"http:\/\/desarrollo.grupomedios.com\/futbol\/wp-json\/wp\/v2\/posts\/442278\/revisions"}],"wp:featuredmedia":[{"embeddable":true,"href":"http:\/\/desarrollo.grupomedios.com\/futbol\/wp-json\/wp\/v2\/media\/442281"}],"wp:attachment":[{"href":"http:\/\/desarrollo.grupomedios.com\/futbol\/wp-json\/wp\/v2\/media?parent=442278"}],"wp:term":[{"taxonomy":"category","embeddable":true,"href":"http:\/\/desarrollo.grupomedios.com\/futbol\/wp-json\/wp\/v2\/categories?post=442278"},{"taxonomy":"post_tag","embeddable":true,"href":"http:\/\/desarrollo.grupomedios.com\/futbol\/wp-json\/wp\/v2\/tags?post=442278"}],"curies":[{"name":"wp","href":"https:\/\/api.w.org\/{rel}","templated":true}]}}