{"id":442302,"date":"2016-11-14T15:45:10","date_gmt":"2016-11-14T21:45:10","guid":{"rendered":"https:\/\/www.futboltotal.com.mx\/?p=442302"},"modified":"2016-11-14T15:45:10","modified_gmt":"2016-11-14T21:45:10","slug":"revelan-dialogo-pep-guardiola-joshua-kimmich","status":"publish","type":"post","link":"http:\/\/desarrollo.grupomedios.com\/futbol\/futbol-internacional\/revelan-dialogo-pep-guardiola-joshua-kimmich\/2016\/11","title":{"rendered":"Revelan di\u00e1logo entre Pep Guardiola y Joshua Kimmich"},"content":{"rendered":"<p>En marzo de este a\u00f1o, cuando Pep <strong>Guardiola<\/strong> todav\u00eda dirig\u00eda al Bayern M\u00fanich, su equipo visit\u00f3 al Borussia Dortmund en el Signal Iduna Park, en la fecha 25 de la Bundesliga.<\/p>\n<p>Ese d\u00eda, el encuentro acab\u00f3 con un empate 0-0 que contribuy\u00f3 a encaminar al cuadro de <strong>Guardiola<\/strong> rumbo al t\u00edtulo de la liga alemana.<\/p>\n<p style=\"text-align: center;\"><a href=\"https:\/\/www.futboltotal.com.mx\/2016\/11\/pep-guardiola-y-su-video-en-pro-de-los-refugiados\/\" target=\"_blank\"><span style=\"color: #3366ff;\"><strong>LEER M\u00c1S: Pep Guardiola y su video en pro de los refugiados<\/strong><\/span><\/a><\/p>\n<p>Una de las situaciones m\u00e1s llamativas de aquel duelo ocurri\u00f3 despu\u00e9s del silbatazo final, cuando el entrenador catal\u00e1n entr\u00f3 al terreno de juego y fue directo sobre uno de sus jugadores, el novato Joshua Kimmich, de 21 a\u00f1os, quien jugaba su primera campa\u00f1a en la primera divisi\u00f3n alemana.<\/p>\n<p>Aunque no se sab\u00eda lo que Pep le dec\u00eda al joven jugador, se apreciaba una conversaci\u00f3n subida de tono, en la que el t\u00e9cnico alzaba la voz, mientras daba indicaciones con ademanes muy marcados a Kimmich, en lo que parec\u00eda un rega\u00f1o que muchos consideraron fuera de lugar, considerando las circunstancias (frente a todo mundo y a un chico inexperimentado).<\/p>\n<p><iframe loading=\"lazy\" src=\"https:\/\/www.youtube.com\/embed\/atXPoevLLI8\" frameborder=\"0\" allowfullscreen=\"allowfullscreen\"><\/iframe><\/p>\n<p>Sin embargo, el periodista Mart\u00ed Perarnau ha revelado en su libro \u201cPep <strong>Guardiola<\/strong>, La Metamorfosis\u201d la conversaci\u00f3n que tuvo lugar esa noche.<\/p>\n<p>Pep: \u00bfRecibiste las instrucciones de benatia?<\/p>\n<p>Kimmich: Lo siento, no las recib\u00ed.<\/p>\n<p>P: \u00bfDemonios! Ten\u00edas que haberte movido al centro del campo.<\/p>\n<p>K: Lo siento, no lo entend\u00ed.<\/p>\n<p>P: Quer\u00eda que te movieras enfrente de la defensa y mantuvieras la posici\u00f3n. Perdimos el control. Tienes que poner atenci\u00f3n cuando te den instrucciones.<\/p>\n<p>K: Lo siento, no entend\u00ed.<\/p>\n<p>P: Estuviste brillante, Josh. En serio, muy bien. Te dije que pod\u00edas hacerlo.<\/p>\n<p>K: Gracias. Fue un juego dif\u00edcil, pero sali\u00f3 bien.<\/p>\n<p>P: \u00bfBien? \u00a1Estuviste incre\u00edble! Sensacional, Josh, sensacional. Estoy muy orgulloso de ti.<\/p>\n","protected":false},"excerpt":{"rendered":"<p>El periodista Mart\u00ed Perarnau revela en su libro &#8220;Pep Guardiola, la metamorfosis&#8221; lo que el t\u00e9cnico catal\u00e1n le dijo a Joshua Kimmich en aquel famoso rega\u00f1o<\/p>\n","protected":false},"author":20,"featured_media":424072,"comment_status":"closed","ping_status":"closed","sticky":false,"template":"","format":"standard","meta":[],"categories":[3839,6822],"tags":[2662,2056,6047,2920,2510,6865,5755,1791],"_links":{"self":[{"href":"http:\/\/desarrollo.grupomedios.com\/futbol\/wp-json\/wp\/v2\/posts\/442302"}],"collection":[{"href":"http:\/\/desarrollo.grupomedios.com\/futbol\/wp-json\/wp\/v2\/posts"}],"about":[{"href":"http:\/\/desarrollo.grupomedios.com\/futbol\/wp-json\/wp\/v2\/types\/post"}],"author":[{"embeddable":true,"href":"http:\/\/desarrollo.grupomedios.com\/futbol\/wp-json\/wp\/v2\/users\/20"}],"replies":[{"embeddable":true,"href":"http:\/\/desarrollo.grupomedios.com\/futbol\/wp-json\/wp\/v2\/comments?post=442302"}],"version-history":[{"count":0,"href":"http:\/\/desarrollo.grupomedios.com\/futbol\/wp-json\/wp\/v2\/posts\/442302\/revisions"}],"wp:featuredmedia":[{"embeddable":true,"href":"http:\/\/desarrollo.grupomedios.com\/futbol\/wp-json\/wp\/v2\/media\/424072"}],"wp:attachment":[{"href":"http:\/\/desarrollo.grupomedios.com\/futbol\/wp-json\/wp\/v2\/media?parent=442302"}],"wp:term":[{"taxonomy":"category","embeddable":true,"href":"http:\/\/desarrollo.grupomedios.com\/futbol\/wp-json\/wp\/v2\/categories?post=442302"},{"taxonomy":"post_tag","embeddable":true,"href":"http:\/\/desarrollo.grupomedios.com\/futbol\/wp-json\/wp\/v2\/tags?post=442302"}],"curies":[{"name":"wp","href":"https:\/\/api.w.org\/{rel}","templated":true}]}}