{"id":442359,"date":"2016-11-14T21:41:52","date_gmt":"2016-11-15T03:41:52","guid":{"rendered":"https:\/\/www.futboltotal.com.mx\/?p=442359"},"modified":"2016-11-14T21:46:36","modified_gmt":"2016-11-15T03:46:36","slug":"rooney-se-lesiona-y-es-baja-de-inglaterra","status":"publish","type":"post","link":"http:\/\/desarrollo.grupomedios.com\/futbol\/futbol-internacional\/rooney-se-lesiona-y-es-baja-de-inglaterra\/2016\/11","title":{"rendered":"Rooney se lesiona y es baja de Inglaterra"},"content":{"rendered":"<p><strong>Wayne Rooney<\/strong>, capit\u00e1n de la selecci\u00f3n inglesa, abandon\u00f3 este d\u00eda la concentraci\u00f3n del combinado nacional por unas molestias en la rodilla y no estar\u00e1 en el amistoso de frente a Espa\u00f1a.<\/p>\n<p>El delantero, de 31 a\u00f1os, m\u00e1ximo goleador hist\u00f3rico de Inglaterra, con 53 tantos en 119 partidos internacionales, no se entren\u00f3 la ma\u00f1ana de hoy con el resto de sus compa\u00f1eros en las instalaciones del Tottenham Hotspur, al norte de Londres, como medida de precauci\u00f3n.<\/p>\n<p style=\"text-align: center;\"><a href=\"https:\/\/www.futboltotal.com.mx\/futbol-internacional\/\"><span style=\"color: #3366ff;\">LEER M\u00c1S: Todas las noticias de futbol internacional\u00a0<\/span><\/a><\/p>\n<blockquote class=\"twitter-tweet\" data-lang=\"es\">\n<p dir=\"ltr\" lang=\"en\">After missing today&#8217;s training session with a knee problem, <a href=\"https:\/\/twitter.com\/WayneRooney\">@WayneRooney<\/a> has withdrawn from the <a href=\"https:\/\/twitter.com\/hashtag\/ThreeLions?src=hash\">#ThreeLions<\/a> squad: <a href=\"https:\/\/t.co\/tWGx6xW3a1\">https:\/\/t.co\/tWGx6xW3a1<\/a><\/p>\n<p>\u2014 England (@England) <a href=\"https:\/\/twitter.com\/England\/status\/798269276230553600\">14 de noviembre de 2016<\/a><\/p><\/blockquote>\n<p><script async src=\"\/\/platform.twitter.com\/widgets.js\" charset=\"utf-8\"><\/script><br \/>\n&#8220;<strong>Wayne Rooney<\/strong> dej\u00f3 la concentraci\u00f3n de Inglaterra y ha regresado al Manchester United. Como Gareth Southgate ya hab\u00eda confirmado que el capit\u00e1n iba a descansar en la visita de Espa\u00f1a a Wembley ma\u00f1ana por la noche, a Rooney se le ha permitido regresar a su club para someterse a m\u00e1s pruebas&#8221;, inform\u00f3 la Federaci\u00f3n Inglesa (FA) a trav\u00e9s de un comunicado, en el que no precisa el alcance de la lesi\u00f3n.<\/p>\n<p><strong>Rooney<\/strong>, que hab\u00eda perdido protagonismo en su equipo y en la selecci\u00f3n en las \u00faltimas semanas, fue titular el pasado viernes, en la goleada 3-0 sobre Escocia en la fase de clasificaci\u00f3n de la UEFA para el Mundial de Rusia 2018.<\/p>\n<p>La ausencia del jugador del United deja como capit\u00e1n de los &#8216;Tres Leones&#8217; al centrocampista del Liverpool Jordan Henderson, quien ya port\u00f3 el brazalete el mes pasado en el empate 0-0 con Eslovenia.<\/p>\n<p><strong>Rooney<\/strong> es el segundo jugador que abandona la concentraci\u00f3n brit\u00e1nica en los \u00faltimos d\u00edas, ya que el pasado domingo, el delantero del Tottenham Harry Kane fue excusado por el seleccionador, Gareth Southgate, para que continuara su recuperaci\u00f3n en su club.<\/p>\n<p>&nbsp;<\/p>\n","protected":false},"excerpt":{"rendered":"<p>El delantero ingl\u00e9s regresa a Manchester para someterse a pruebas m\u00e9dicas<\/p>\n","protected":false},"author":20,"featured_media":442360,"comment_status":"closed","ping_status":"closed","sticky":false,"template":"","format":"standard","meta":[],"categories":[3839,5951],"tags":[603,6051],"_links":{"self":[{"href":"http:\/\/desarrollo.grupomedios.com\/futbol\/wp-json\/wp\/v2\/posts\/442359"}],"collection":[{"href":"http:\/\/desarrollo.grupomedios.com\/futbol\/wp-json\/wp\/v2\/posts"}],"about":[{"href":"http:\/\/desarrollo.grupomedios.com\/futbol\/wp-json\/wp\/v2\/types\/post"}],"author":[{"embeddable":true,"href":"http:\/\/desarrollo.grupomedios.com\/futbol\/wp-json\/wp\/v2\/users\/20"}],"replies":[{"embeddable":true,"href":"http:\/\/desarrollo.grupomedios.com\/futbol\/wp-json\/wp\/v2\/comments?post=442359"}],"version-history":[{"count":0,"href":"http:\/\/desarrollo.grupomedios.com\/futbol\/wp-json\/wp\/v2\/posts\/442359\/revisions"}],"wp:featuredmedia":[{"embeddable":true,"href":"http:\/\/desarrollo.grupomedios.com\/futbol\/wp-json\/wp\/v2\/media\/442360"}],"wp:attachment":[{"href":"http:\/\/desarrollo.grupomedios.com\/futbol\/wp-json\/wp\/v2\/media?parent=442359"}],"wp:term":[{"taxonomy":"category","embeddable":true,"href":"http:\/\/desarrollo.grupomedios.com\/futbol\/wp-json\/wp\/v2\/categories?post=442359"},{"taxonomy":"post_tag","embeddable":true,"href":"http:\/\/desarrollo.grupomedios.com\/futbol\/wp-json\/wp\/v2\/tags?post=442359"}],"curies":[{"name":"wp","href":"https:\/\/api.w.org\/{rel}","templated":true}]}}