{"id":442396,"date":"2016-11-15T11:26:34","date_gmt":"2016-11-15T17:26:34","guid":{"rendered":"https:\/\/www.futboltotal.com.mx\/?p=442396"},"modified":"2016-11-15T12:26:10","modified_gmt":"2016-11-15T18:26:10","slug":"a-messi-le-hace-falta-la-sinfonia-del-barcelona-menotti","status":"publish","type":"post","link":"http:\/\/desarrollo.grupomedios.com\/futbol\/uncategorized\/a-messi-le-hace-falta-la-sinfonia-del-barcelona-menotti\/2016\/11","title":{"rendered":"A Lionel Messi le hace falta la sinfon\u00eda del Barcelona: Menotti"},"content":{"rendered":"<p>C\u00e9sar Luis Menotti, t\u00e9cnico que gui\u00f3 a Argentina a la conquista de su primer t\u00edtulo mundial en 1978, se\u00f1al\u00f3 la diferencia que <strong>Lionel Messi<\/strong> se encuentra en las plantillas del Barcelona, en donde ha sido multicampe\u00f3n, y de la selecci\u00f3n albiceleste, en la que Lio es criticado por no rendir de la misma forma.<\/p>\n<p>&#8220;Un equipo de futbol es como una orquesta. Lo primero que tenemos que saber es la idea o el sonido: \u00bfa qu\u00e9 queremos llegar? Los jugadores del Barcelona saben muy bien a qu\u00e9 juegan. Mascherano sabe muy bien a lo que juega. Cuando venimos ac\u00e1 (a Argentina), jugamos a lo que quieren los jugadores, o a lo que pueden. Hay una confusi\u00f3n y no alcanza con tener al mejor violinista, que ser\u00eda <strong>Messi<\/strong>, si la orquesta no tiene un sonido. El equipo no se sabe a qu\u00e9 juega&#8221;, asegur\u00f3 Menotti en entrevista con TyC Sports.<\/p>\n<p style=\"text-align: center;\"><a href=\"https:\/\/www.futboltotal.com.mx\/2016\/11\/carles-puyol-asegura-barcelona-puede-ganar\/\"><span style=\"color: #3366ff;\">LEER M\u00c1S: Carles Puyol asegura que el Barcelona puede ganar todo<\/span><\/a><\/p>\n<p>Horas antes del duelo clave en la eliminatoria rumbo a Rusia 2018, ante Colombia, C\u00e9sar Luis Menotti tambi\u00e9n opin\u00f3 sobre la delicada situaci\u00f3n que atraviesa Argentina y del rol que cumple <strong>Messi<\/strong> en la misma: &#8220;No me preocupa el hecho de no ir al Mundial, en otras eliminatorias hemos estado al borde de la eliminaci\u00f3n. Lo que s\u00ed me preocupa es que no est\u00e9 jugando bien. Adem\u00e1s, si no logras una relaci\u00f3n entre tu p\u00fablico y tu equipo y si no ponemos lo que hay que poner\u2026\u201d.<\/p>\n<p style=\"text-align: center;\"><a href=\"https:\/\/www.futboltotal.com.mx\/2016\/11\/pirlo-quiere-ser-tecnico-cuando-se-retire\/\"><span style=\"color: #3366ff;\">LEER M\u00c1S: Pirlo quiere ser t\u00e9cnico cuando se retire<\/span><\/a><\/p>\n<p>Pese a las circunstancias y a la dura derrota ante Brasil, el <em>Flaco<\/em> conf\u00eda en lo que pueda hacer Lionel con Argentina, aunque est\u00e1 consciente del entorno en la albiceleste y nuevamente lo compar\u00f3 con el que ha contado en el Barcelona: \u201c<strong>Lionel<\/strong> <strong>Messi<\/strong> es un jugador m\u00e1gico. A m\u00ed me gusta el <strong>Messi<\/strong> que se form\u00f3 con Rijkaard, rodeado de Xavi, Iniesta y Ronaldinho y que fue creciendo. Es un futbolista m\u00e1gico, pero los magos necesitan escenario. Si va a jugar con las cartas y en vez de p\u00f3ker, son de truco, le dan espa\u00f1olas, ser\u00e1 dif\u00edcil&#8221;.<\/p>\n","protected":false},"excerpt":{"rendered":"<p>El Flaco conf\u00eda en que Argentina y Messi repunten en la eliminatoria.<\/p>\n","protected":false},"author":20,"featured_media":442403,"comment_status":"closed","ping_status":"closed","sticky":false,"template":"","format":"standard","meta":[],"categories":[3839,1],"tags":[5996,5984,6447],"_links":{"self":[{"href":"http:\/\/desarrollo.grupomedios.com\/futbol\/wp-json\/wp\/v2\/posts\/442396"}],"collection":[{"href":"http:\/\/desarrollo.grupomedios.com\/futbol\/wp-json\/wp\/v2\/posts"}],"about":[{"href":"http:\/\/desarrollo.grupomedios.com\/futbol\/wp-json\/wp\/v2\/types\/post"}],"author":[{"embeddable":true,"href":"http:\/\/desarrollo.grupomedios.com\/futbol\/wp-json\/wp\/v2\/users\/20"}],"replies":[{"embeddable":true,"href":"http:\/\/desarrollo.grupomedios.com\/futbol\/wp-json\/wp\/v2\/comments?post=442396"}],"version-history":[{"count":0,"href":"http:\/\/desarrollo.grupomedios.com\/futbol\/wp-json\/wp\/v2\/posts\/442396\/revisions"}],"wp:featuredmedia":[{"embeddable":true,"href":"http:\/\/desarrollo.grupomedios.com\/futbol\/wp-json\/wp\/v2\/media\/442403"}],"wp:attachment":[{"href":"http:\/\/desarrollo.grupomedios.com\/futbol\/wp-json\/wp\/v2\/media?parent=442396"}],"wp:term":[{"taxonomy":"category","embeddable":true,"href":"http:\/\/desarrollo.grupomedios.com\/futbol\/wp-json\/wp\/v2\/categories?post=442396"},{"taxonomy":"post_tag","embeddable":true,"href":"http:\/\/desarrollo.grupomedios.com\/futbol\/wp-json\/wp\/v2\/tags?post=442396"}],"curies":[{"name":"wp","href":"https:\/\/api.w.org\/{rel}","templated":true}]}}