{"id":442451,"date":"2016-11-15T14:37:05","date_gmt":"2016-11-15T20:37:05","guid":{"rendered":"https:\/\/www.futboltotal.com.mx\/?p=442451"},"modified":"2016-11-15T14:37:05","modified_gmt":"2016-11-15T20:37:05","slug":"celebran-10-anos-marcelo-en-real-madrid","status":"publish","type":"post","link":"http:\/\/desarrollo.grupomedios.com\/futbol\/futbol-internacional\/celebran-10-anos-marcelo-en-real-madrid\/2016\/11","title":{"rendered":"Celebran 10 a\u00f1os de Marcelo en el Real Madrid"},"content":{"rendered":"<p>El brasile\u00f1o <strong>Marcelo<\/strong> cumpli\u00f3 diez a\u00f1os en el <strong>Real Madrid<\/strong> y fue agasajado en el estadio Santiago Bernab\u00e9u, donde de manos del presidente Florentino P\u00e9rez recibi\u00f3 una camiseta conmemorativa y un reloj.<\/p>\n<p>Se cumplen diez a\u00f1os desde la llegada al <strong>Real Madrid<\/strong> de un joven <strong>Marcelo<\/strong>, cuando en el 2006 llegaba a la casa blanca con tan solo 18 a\u00f1os tras formarse en el Fluminense y debutar con gol en el primer equipo. El conjunto madridista pag\u00f3 solamente 6 millones de euros por el jugador, se\u00f1alado por todos como el sucesor de Roberto Carlos.<\/p>\n<p>https:\/\/twitter.com\/realmadrid\/status\/798450475750277120<\/p>\n<p>Diez a\u00f1os despu\u00e9s, <strong>Marcelo<\/strong> es indiscutible en el <strong>Real Madrid<\/strong>, donde ha jugado 372 partidos y ha marcado 26 goles, conquistando doce t\u00edtulos: tres Ligas, dos Ligas de Campeones, dos Copas del Rey, un Mundial de clubes, dos Supercopas de Europa y dos Supercopas de Espa\u00f1a.<\/p>\n<p style=\"text-align: center;\"><span style=\"color: #3366ff;\"><a style=\"color: #3366ff;\" href=\"https:\/\/www.futboltotal.com.mx\/2016\/11\/toluca-pierde-a-alexis-vega-en-lo-resta-del-apertura-2016\/\">LEER M\u00c1S: Toluca pierde a una de sus promesas por lesi\u00f3n<\/a><\/span><\/p>\n<p>Despu\u00e9s de Roberto Carlos, que jug\u00f3 527 partidos con el <strong>Real Madrid<\/strong>, y Alfredo Di St\u00e9fano, que disput\u00f3 396, Marcelo ya es el tercer futbolista nacido en el extranjero con m\u00e1s partidos en la historia del club. Esta temporada, si le respetan las lesiones, pasar\u00e1 a ser segundo. EFE<\/p>\n","protected":false},"excerpt":{"rendered":"<p>Marcelo fue celbrado en el estadio Santiago Bernab\u00e9u<\/p>\n","protected":false},"author":144,"featured_media":442452,"comment_status":"closed","ping_status":"closed","sticky":false,"template":"","format":"standard","meta":[],"categories":[3839,3844,5951],"tags":[1197,5988],"_links":{"self":[{"href":"http:\/\/desarrollo.grupomedios.com\/futbol\/wp-json\/wp\/v2\/posts\/442451"}],"collection":[{"href":"http:\/\/desarrollo.grupomedios.com\/futbol\/wp-json\/wp\/v2\/posts"}],"about":[{"href":"http:\/\/desarrollo.grupomedios.com\/futbol\/wp-json\/wp\/v2\/types\/post"}],"author":[{"embeddable":true,"href":"http:\/\/desarrollo.grupomedios.com\/futbol\/wp-json\/wp\/v2\/users\/144"}],"replies":[{"embeddable":true,"href":"http:\/\/desarrollo.grupomedios.com\/futbol\/wp-json\/wp\/v2\/comments?post=442451"}],"version-history":[{"count":0,"href":"http:\/\/desarrollo.grupomedios.com\/futbol\/wp-json\/wp\/v2\/posts\/442451\/revisions"}],"wp:featuredmedia":[{"embeddable":true,"href":"http:\/\/desarrollo.grupomedios.com\/futbol\/wp-json\/wp\/v2\/media\/442452"}],"wp:attachment":[{"href":"http:\/\/desarrollo.grupomedios.com\/futbol\/wp-json\/wp\/v2\/media?parent=442451"}],"wp:term":[{"taxonomy":"category","embeddable":true,"href":"http:\/\/desarrollo.grupomedios.com\/futbol\/wp-json\/wp\/v2\/categories?post=442451"},{"taxonomy":"post_tag","embeddable":true,"href":"http:\/\/desarrollo.grupomedios.com\/futbol\/wp-json\/wp\/v2\/tags?post=442451"}],"curies":[{"name":"wp","href":"https:\/\/api.w.org\/{rel}","templated":true}]}}