{"id":442464,"date":"2016-11-29T16:17:16","date_gmt":"2016-11-29T22:17:16","guid":{"rendered":"https:\/\/www.futboltotal.com.mx\/?p=442464"},"modified":"2016-11-30T10:45:51","modified_gmt":"2016-11-30T16:45:51","slug":"regalar-en-fiestas-decembrinas","status":"publish","type":"post","link":"http:\/\/desarrollo.grupomedios.com\/futbol\/no-todo-es-futbol\/regalar-en-fiestas-decembrinas\/2016\/11","title":{"rendered":"\u00bfQu\u00e9 regalar en fiestas decembrinas?"},"content":{"rendered":"<p><span style=\"color: #000000;\">La temporada de fiestas est\u00e1 muy cerca, por esa raz\u00f3n seguramente ya te est\u00e1s preguntando qu\u00e9 regalar durante el pr\u00f3ximo mes. Para resolver esa cuesti\u00f3n, te compartimos diversas opciones, en el caso de que seas un aficionado fiel a los deportes o que conozcas a alguien que s\u00ed lo es.<\/span><\/p>\n<p><span style=\"color: #000000;\"><strong>Auriculares inal\u00e1mbricos<\/strong> | Son perfectos para cualquier tipo de persona, ya sea deportista, god\u00edn o un simple amante de la m\u00fasica.<\/span><\/p>\n<p><a href=\"https:\/\/www.futboltotal.com.mx\/wp-content\/uploads\/2016\/11\/regalos-diciembre-audifonos.jpg\"><img decoding=\"async\" loading=\"lazy\" class=\"alignnone size-full wp-image-442466\" src=\"https:\/\/www.futboltotal.com.mx\/wp-content\/uploads\/2016\/11\/regalos-diciembre-audifonos.jpg\" alt=\"regalos-diciembre-audifonos\" srcset=\"http:\/\/desarrollo.grupomedios.com\/futbol\/wp-content\/uploads\/2016\/11\/regalos-diciembre-audifonos.jpg 858w, http:\/\/desarrollo.grupomedios.com\/futbol\/wp-content\/uploads\/2016\/11\/regalos-diciembre-audifonos-300x151.jpg 300w, http:\/\/desarrollo.grupomedios.com\/futbol\/wp-content\/uploads\/2016\/11\/regalos-diciembre-audifonos-768x386.jpg 768w, http:\/\/desarrollo.grupomedios.com\/futbol\/wp-content\/uploads\/2016\/11\/regalos-diciembre-audifonos-340x171.jpg 340w\" sizes=\"(max-width: 858px) 100vw, 858px\" \/><\/a><\/p>\n<p><span style=\"color: #000000;\"><strong>Libros electr\u00f3nicos<\/strong> | Para los modernos que ya no leen solamente con ejemplares f\u00edsicos, puedes regalar una membres\u00eda en alg\u00fan sitio que tenga los mejores t\u00edtulos y de f\u00e1cil acceso.<\/span><\/p>\n<p style=\"text-align: center;\"><span style=\"color: #3366ff;\"><a style=\"color: #3366ff;\" href=\"https:\/\/www.futboltotal.com.mx\/2016\/11\/las-futbolistas-del-tri-femenil-en-mundial-sub-20\/\" target=\"_blank\"><strong>LEER M\u00c1S: Conoce al TRI Femenil Sub-20 que compite en el Mundial 2016<\/strong><\/a><\/span><\/p>\n<p><span style=\"color: #000000;\"><strong>Proyector para smartphones<\/strong> | Es ideal para disfrutar de pel\u00edculas y videos a trav\u00e9s de una imagen amplia que varias personas puedan ver.<\/span><\/p>\n<p><a href=\"https:\/\/www.futboltotal.com.mx\/wp-content\/uploads\/2016\/11\/regalos-diciembre-proyector.jpg\"><img decoding=\"async\" loading=\"lazy\" class=\"alignnone size-full wp-image-442467\" src=\"https:\/\/www.futboltotal.com.mx\/wp-content\/uploads\/2016\/11\/regalos-diciembre-proyector.jpg\" alt=\"regalos-diciembre-proyector\" srcset=\"http:\/\/desarrollo.grupomedios.com\/futbol\/wp-content\/uploads\/2016\/11\/regalos-diciembre-proyector.jpg 858w, http:\/\/desarrollo.grupomedios.com\/futbol\/wp-content\/uploads\/2016\/11\/regalos-diciembre-proyector-300x151.jpg 300w, http:\/\/desarrollo.grupomedios.com\/futbol\/wp-content\/uploads\/2016\/11\/regalos-diciembre-proyector-768x386.jpg 768w, http:\/\/desarrollo.grupomedios.com\/futbol\/wp-content\/uploads\/2016\/11\/regalos-diciembre-proyector-340x171.jpg 340w\" sizes=\"(max-width: 858px) 100vw, 858px\" \/><\/a><\/p>\n<p><span style=\"color: #000000;\"><strong>Tatuaje<\/strong> | Todos tenemos por lo menos a un amigo que ama los tatuajes, a otro que s\u00f3lo se hace alguno para representar un hecho importante de su vida o al que quiere hacerse uno; por eso aunque parezca inusual, es un regalo ejemplar.<\/span><\/p>\n<p><span style=\"color: #000000;\"><strong>Accesorios unisex<\/strong> | <span class=\"il\">PUMA<\/span> GUMMY, ahora con una estructura de caucho, se ha convertido en un favorito de los fans <span class=\"il\">PUMA<\/span>. Esta temporada GUMMY ha sido renovado, descubre cada uno de sus detalles. Es el art\u00edculo perfecto para \u00c9L y para ELLA.\u00a0 Disponible en color negro con acabado dorado y blanco con acabado oro rosa.<\/span><\/p>\n<p><a href=\"https:\/\/www.futboltotal.com.mx\/wp-content\/uploads\/2015\/11\/NOTA-PUMA-858x1210.jpg\"><img decoding=\"async\" loading=\"lazy\" class=\"alignnone wp-image-444252 size-full\" src=\"https:\/\/www.futboltotal.com.mx\/wp-content\/uploads\/2015\/11\/NOTA-PUMA-858x1210.jpg\" alt=\"PUMA_Reloj\" srcset=\"http:\/\/desarrollo.grupomedios.com\/futbol\/wp-content\/uploads\/2015\/11\/NOTA-PUMA-858x1210.jpg 858w, http:\/\/desarrollo.grupomedios.com\/futbol\/wp-content\/uploads\/2015\/11\/NOTA-PUMA-858x1210-213x300.jpg 213w, http:\/\/desarrollo.grupomedios.com\/futbol\/wp-content\/uploads\/2015\/11\/NOTA-PUMA-858x1210-768x1083.jpg 768w, http:\/\/desarrollo.grupomedios.com\/futbol\/wp-content\/uploads\/2015\/11\/NOTA-PUMA-858x1210-726x1024.jpg 726w\" sizes=\"(max-width: 858px) 100vw, 858px\" \/><\/a><\/p>\n","protected":false},"excerpt":{"rendered":"<p>Te damos algunas opciones interesantes<\/p>\n","protected":false},"author":20,"featured_media":442471,"comment_status":"closed","ping_status":"closed","sticky":false,"template":"","format":"standard","meta":[],"categories":[5418],"tags":[5771],"_links":{"self":[{"href":"http:\/\/desarrollo.grupomedios.com\/futbol\/wp-json\/wp\/v2\/posts\/442464"}],"collection":[{"href":"http:\/\/desarrollo.grupomedios.com\/futbol\/wp-json\/wp\/v2\/posts"}],"about":[{"href":"http:\/\/desarrollo.grupomedios.com\/futbol\/wp-json\/wp\/v2\/types\/post"}],"author":[{"embeddable":true,"href":"http:\/\/desarrollo.grupomedios.com\/futbol\/wp-json\/wp\/v2\/users\/20"}],"replies":[{"embeddable":true,"href":"http:\/\/desarrollo.grupomedios.com\/futbol\/wp-json\/wp\/v2\/comments?post=442464"}],"version-history":[{"count":0,"href":"http:\/\/desarrollo.grupomedios.com\/futbol\/wp-json\/wp\/v2\/posts\/442464\/revisions"}],"wp:featuredmedia":[{"embeddable":true,"href":"http:\/\/desarrollo.grupomedios.com\/futbol\/wp-json\/wp\/v2\/media\/442471"}],"wp:attachment":[{"href":"http:\/\/desarrollo.grupomedios.com\/futbol\/wp-json\/wp\/v2\/media?parent=442464"}],"wp:term":[{"taxonomy":"category","embeddable":true,"href":"http:\/\/desarrollo.grupomedios.com\/futbol\/wp-json\/wp\/v2\/categories?post=442464"},{"taxonomy":"post_tag","embeddable":true,"href":"http:\/\/desarrollo.grupomedios.com\/futbol\/wp-json\/wp\/v2\/tags?post=442464"}],"curies":[{"name":"wp","href":"https:\/\/api.w.org\/{rel}","templated":true}]}}