{"id":442478,"date":"2016-11-15T16:48:22","date_gmt":"2016-11-15T22:48:22","guid":{"rendered":"https:\/\/www.futboltotal.com.mx\/?p=442478"},"modified":"2016-11-15T17:47:58","modified_gmt":"2016-11-15T23:47:58","slug":"xavi-da-visto-bueno-al-fichaje-coutinho-barcelona","status":"publish","type":"post","link":"http:\/\/desarrollo.grupomedios.com\/futbol\/futbol-internacional\/xavi-da-visto-bueno-al-fichaje-coutinho-barcelona\/2016\/11","title":{"rendered":"Xavi avala fichaje de Coutinho con Barcelona"},"content":{"rendered":"<p>Mucho se ha hablado en los \u00faltimos d\u00edas sobre el supuesto inter\u00e9s del Barcelona por hacerse de los servicios de Philippe <strong>Coutinho<\/strong>.<\/p>\n<p>Los rumores se han fortalecido debido a las declaraciones de Neymar, quien lleva una buena relaci\u00f3n con el jugador del Liverpool.<\/p>\n<p style=\"text-align: center;\"><a href=\"https:\/\/www.futboltotal.com.mx\/2016\/11\/klopp-le-ha-aportado-mentalidad-al-liverpool-coutinho\/\" target=\"_blank\"><span style=\"color: #3366ff;\">LEER M\u00c1S: Klopp le ha aportado mentalidad al Liverpool: Coutinho<\/span><\/a><\/p>\n<p>Uno de los cuestionamientos sobre la posible incorporaci\u00f3n de <strong>Coutinho<\/strong> al <em>Bar\u00e7a<\/em> es d\u00f3nde podr\u00eda caber, considerando el alto n\u00famero de figuras con las que cuenta el cuadro que dirige Luis Enrique.<\/p>\n<p>Sin embargo, una voz autorizada para hablar de los <em>Blaugranas<\/em> ha dado su visto bueno al hipot\u00e9tico fichaje de <strong>Coutinho<\/strong>. Xavi -quien hoy juega en el Al Sadd de Qatar- es una de las grandes leyendas del cuadro del Camp Nou y habl\u00f3 en una entrevista con Goal.com sobre el brasile\u00f1o de los <em>Reds<\/em>.<\/p>\n<p style=\"text-align: center;\"><a href=\"https:\/\/www.futboltotal.com.mx\/2015\/10\/barcelona-pretende-contratar-a-philippe-coutinho\/\" target=\"_blank\"><span style=\"color: #3366ff;\">LEER M\u00c1S: Barcelona pretende contratar a Philippe Coutinho<\/span><\/a><\/p>\n<p>\u201cSiempre he pensado que <strong>Coutinho<\/strong> es un jugador especial y con Klopp ha alcanzado otro nivel\u201d, dijo el ex jugador del Barcelona. Adem\u00e1s, Xavi asegur\u00f3: \u201cNo hay mejores centrocampistas que \u00e9l en Europa\u201d<\/p>\n<p>Acerca de la posible llegada de la figura del Liverpool al <em>Bar\u00e7a<\/em>: \u201cNo hay muchos que puedan mejorar al Barcelona, pero tengo claro que <strong>Coutinho<\/strong> es uno de los pocos, porque t\u00e9cnicamente es buen\u00edsimo y encaja en la filosof\u00eda de juego del Barcelona\u201d.<\/p>\n","protected":false},"excerpt":{"rendered":"<p>El exjugador cul\u00e9 habl\u00f3 sobre las cualidades del brasile\u00f1o del Liverpool<\/p>\n","protected":false},"author":20,"featured_media":442480,"comment_status":"closed","ping_status":"closed","sticky":false,"template":"","format":"standard","meta":[],"categories":[3839,3844,5951],"tags":[2086,5984,2616,5989,2669,1726,6065],"_links":{"self":[{"href":"http:\/\/desarrollo.grupomedios.com\/futbol\/wp-json\/wp\/v2\/posts\/442478"}],"collection":[{"href":"http:\/\/desarrollo.grupomedios.com\/futbol\/wp-json\/wp\/v2\/posts"}],"about":[{"href":"http:\/\/desarrollo.grupomedios.com\/futbol\/wp-json\/wp\/v2\/types\/post"}],"author":[{"embeddable":true,"href":"http:\/\/desarrollo.grupomedios.com\/futbol\/wp-json\/wp\/v2\/users\/20"}],"replies":[{"embeddable":true,"href":"http:\/\/desarrollo.grupomedios.com\/futbol\/wp-json\/wp\/v2\/comments?post=442478"}],"version-history":[{"count":0,"href":"http:\/\/desarrollo.grupomedios.com\/futbol\/wp-json\/wp\/v2\/posts\/442478\/revisions"}],"wp:featuredmedia":[{"embeddable":true,"href":"http:\/\/desarrollo.grupomedios.com\/futbol\/wp-json\/wp\/v2\/media\/442480"}],"wp:attachment":[{"href":"http:\/\/desarrollo.grupomedios.com\/futbol\/wp-json\/wp\/v2\/media?parent=442478"}],"wp:term":[{"taxonomy":"category","embeddable":true,"href":"http:\/\/desarrollo.grupomedios.com\/futbol\/wp-json\/wp\/v2\/categories?post=442478"},{"taxonomy":"post_tag","embeddable":true,"href":"http:\/\/desarrollo.grupomedios.com\/futbol\/wp-json\/wp\/v2\/tags?post=442478"}],"curies":[{"name":"wp","href":"https:\/\/api.w.org\/{rel}","templated":true}]}}