{"id":442512,"date":"2016-11-15T22:00:34","date_gmt":"2016-11-16T04:00:34","guid":{"rendered":"https:\/\/www.futboltotal.com.mx\/?p=442512"},"modified":"2016-11-16T01:22:37","modified_gmt":"2016-11-16T07:22:37","slug":"brasil-sigue-lider-en-las-eliminatorias-conmebol","status":"publish","type":"post","link":"http:\/\/desarrollo.grupomedios.com\/futbol\/futbol-internacional\/brasil-sigue-lider-en-las-eliminatorias-conmebol\/2016\/11","title":{"rendered":"Brasil sigue l\u00edder en las eliminatorias Conmebol"},"content":{"rendered":"<p>Con un <strong>Brasil<\/strong> m\u00e1s l\u00edder que nunca que derrot\u00f3 a domicilio a Per\u00fa, una selecci\u00f3n de Chile que fren\u00f3 a Uruguay y una Argentina que revivi\u00f3 con un Messi gigante que ayud\u00f3 a vapulear a Colombia, se baj\u00f3 por este a\u00f1o el tel\u00f3n de las eliminatorias sudamericanas al Mundial de Rusia 2018.<\/p>\n<p>Las diez selecciones de Sudam\u00e9rica reanudar\u00e1n la competici\u00f3n de cara a los cupos mundialistas en marzo de 2017. Mientras tanto, te dejamos el resumen de la dedico segunda jornada de los clasificatorios.<\/p>\n<p style=\"text-align: center;\"><span style=\"color: #3366ff;\">LEER M\u00c1S: Todas las noticias del Hexagonal Final<\/span><\/p>\n<p><span style=\"color: #800000;\">Brasil vuela con Tite<\/span><\/p>\n<p>Pasaron diecis\u00e9is a\u00f1os para que Brasil venciera a Per\u00fa en Lima, donde no ganaba desde el 2000 por las eliminatorias al Mundial de Corea y Jap\u00f3n 2002. Este martes super\u00f3 a su rival por 0-2, con goles de Gabriel Jes\u00fas a los 57 minutos y Renato Augusto a los 78. La<em> Canarinha<\/em> tiene seis triunfos en seis compromisos desde que lleg\u00f3 Tite al banquillo. El seleccionador brasile\u00f1o es el \u00fanico entrenador invicto en el torneo.<\/p>\n<p><a href=\"https:\/\/www.futboltotal.com.mx\/wp-content\/uploads\/2016\/11\/Neymar.jpg\"><img decoding=\"async\" loading=\"lazy\" class=\"alignnone size-full wp-image-442626\" src=\"https:\/\/www.futboltotal.com.mx\/wp-content\/uploads\/2016\/11\/Neymar.jpg\" alt=\"neymar\" srcset=\"http:\/\/desarrollo.grupomedios.com\/futbol\/wp-content\/uploads\/2016\/11\/Neymar.jpg 858w, http:\/\/desarrollo.grupomedios.com\/futbol\/wp-content\/uploads\/2016\/11\/Neymar-300x151.jpg 300w, http:\/\/desarrollo.grupomedios.com\/futbol\/wp-content\/uploads\/2016\/11\/Neymar-768x386.jpg 768w, http:\/\/desarrollo.grupomedios.com\/futbol\/wp-content\/uploads\/2016\/11\/Neymar-340x171.jpg 340w\" sizes=\"(max-width: 858px) 100vw, 858px\" \/><\/a><\/p>\n<p><span style=\"color: #800000;\">Messi pone calma a la Albiceleste<\/span><\/p>\n<p>Argentina volvi\u00f3 al triunfo y con ello retorn\u00f3 la calma despu\u00e9s de la goleada por 3-0 sobre Colombia en San Juan. De la mano de Lionel Messi, la figura de la noche con un gol y dos asistencias, la Albiceleste sabore\u00f3 la victoria despu\u00e9s de cuatro jornadas y Edgardo &#8216;el Pat\u00f3n&#8217; Bauza logr\u00f3 su segundo triunfo como seleccionador en seis encuentros. Una de sus apuestas ante el conjunto cafetero, Lucas Pratto, marc\u00f3 el segundo en el estadio Bicentenario. Adem\u00e1s, despide el a\u00f1o siendo quinto en las eliminatorias, lo que le dar\u00eda, al menos, el derecho a jugar la repesca contra un rival de Ocean\u00eda.<\/p>\n<p><a href=\"https:\/\/www.futboltotal.com.mx\/wp-content\/uploads\/2016\/11\/Messi.jpg\"><img decoding=\"async\" loading=\"lazy\" class=\"alignnone size-full wp-image-442578\" src=\"https:\/\/www.futboltotal.com.mx\/wp-content\/uploads\/2016\/11\/Messi.jpg\" alt=\"messi\" srcset=\"http:\/\/desarrollo.grupomedios.com\/futbol\/wp-content\/uploads\/2016\/11\/Messi.jpg 858w, http:\/\/desarrollo.grupomedios.com\/futbol\/wp-content\/uploads\/2016\/11\/Messi-300x151.jpg 300w, http:\/\/desarrollo.grupomedios.com\/futbol\/wp-content\/uploads\/2016\/11\/Messi-768x386.jpg 768w, http:\/\/desarrollo.grupomedios.com\/futbol\/wp-content\/uploads\/2016\/11\/Messi-340x171.jpg 340w\" sizes=\"(max-width: 858px) 100vw, 858px\" \/><\/a><\/p>\n<p><span style=\"color: #800000;\">Colombia se desploma<\/span><\/p>\n<p>Colombia acumula tres fechas sin ganar y descendi\u00f3 de la tercera a la sexta casilla de la clasificaci\u00f3n en la que permanece con 18 puntos, por lo que hoy est\u00e1 fuera del Mundial. Ante Argentina no cont\u00f3 con sus dos zagueros habituales, Oscar Murillo y Yerry Mina, por suspensi\u00f3n y lesi\u00f3n. Y no funcionaron Eder \u00c1lvarez Balanta ni D\u00e1vinson S\u00e1nchez, y tampoco Wilmar Barrios.\u00a0En marzo se las ver\u00e1 en Barranquilla con Bolivia y visitar\u00e1 a Ecuador en Quito.<\/p>\n<p><a href=\"https:\/\/www.futboltotal.com.mx\/wp-content\/uploads\/2016\/11\/James-1.jpg\"><img decoding=\"async\" loading=\"lazy\" class=\"alignnone size-full wp-image-442627\" src=\"https:\/\/www.futboltotal.com.mx\/wp-content\/uploads\/2016\/11\/James-1.jpg\" alt=\"james\" srcset=\"http:\/\/desarrollo.grupomedios.com\/futbol\/wp-content\/uploads\/2016\/11\/James-1.jpg 858w, http:\/\/desarrollo.grupomedios.com\/futbol\/wp-content\/uploads\/2016\/11\/James-1-300x151.jpg 300w, http:\/\/desarrollo.grupomedios.com\/futbol\/wp-content\/uploads\/2016\/11\/James-1-768x386.jpg 768w, http:\/\/desarrollo.grupomedios.com\/futbol\/wp-content\/uploads\/2016\/11\/James-1-340x171.jpg 340w\" sizes=\"(max-width: 858px) 100vw, 858px\" \/><\/a><\/p>\n<p><span style=\"color: #800000;\">Remontada de Chile sobre Uruguay<\/span><\/p>\n<p>Cuatro partidos al hilo sin perder ten\u00eda Uruguay hasta hoy cuando cay\u00f3 ante Chile por 3-1 en Santiago, en donde no gana desde 2001. La historia pudo ser otra, pues la <em>Celeste<\/em> se fue arriba con tanto de Edinson Cavani, el goleador de las eliminatorias con 8, pero la Roja remont\u00f3 y ahora lleva tres encuentros consecutivos sin derrotas. Del quinto lugar, el campe\u00f3n de Am\u00e9rica ascendi\u00f3 al cuarto con 20 puntos, mientras que Uruguay es segundo con 23.<\/p>\n<p><a href=\"https:\/\/www.futboltotal.com.mx\/wp-content\/uploads\/2016\/11\/Chile.jpg\"><img decoding=\"async\" loading=\"lazy\" class=\"alignnone size-full wp-image-442628\" src=\"https:\/\/www.futboltotal.com.mx\/wp-content\/uploads\/2016\/11\/Chile.jpg\" alt=\"chile\" srcset=\"http:\/\/desarrollo.grupomedios.com\/futbol\/wp-content\/uploads\/2016\/11\/Chile.jpg 858w, http:\/\/desarrollo.grupomedios.com\/futbol\/wp-content\/uploads\/2016\/11\/Chile-300x151.jpg 300w, http:\/\/desarrollo.grupomedios.com\/futbol\/wp-content\/uploads\/2016\/11\/Chile-768x386.jpg 768w, http:\/\/desarrollo.grupomedios.com\/futbol\/wp-content\/uploads\/2016\/11\/Chile-340x171.jpg 340w\" sizes=\"(max-width: 858px) 100vw, 858px\" \/><\/a><\/p>\n<p><span style=\"color: #800000;\">Ecuador sonr\u00ede y la Venezuela va al infierno\u00a0<\/span><\/p>\n<p>Con goles de Arturo Mina, Miller Bola\u00f1os y Enner Valencia, Ecuador recuper\u00f3 la sonrisa despu\u00e9s de dos jornadas sin ganar y esta noche se desquit\u00f3 con Venezuela a la que gole\u00f3 en Quito, donde no gana desde 2007. Mientras la Tri tiene 20 puntos y escal\u00f3 al tercer lugar, la Vinotinto volvi\u00f3 al s\u00f3tano de la clasificaci\u00f3n con cinco enteros.<\/p>\n<p><a href=\"https:\/\/www.futboltotal.com.mx\/wp-content\/uploads\/2016\/11\/Ecuador.jpg\"><img decoding=\"async\" loading=\"lazy\" class=\"alignnone size-full wp-image-442629\" src=\"https:\/\/www.futboltotal.com.mx\/wp-content\/uploads\/2016\/11\/Ecuador.jpg\" alt=\"ecuador\" srcset=\"http:\/\/desarrollo.grupomedios.com\/futbol\/wp-content\/uploads\/2016\/11\/Ecuador.jpg 858w, http:\/\/desarrollo.grupomedios.com\/futbol\/wp-content\/uploads\/2016\/11\/Ecuador-300x151.jpg 300w, http:\/\/desarrollo.grupomedios.com\/futbol\/wp-content\/uploads\/2016\/11\/Ecuador-768x386.jpg 768w, http:\/\/desarrollo.grupomedios.com\/futbol\/wp-content\/uploads\/2016\/11\/Ecuador-340x171.jpg 340w\" sizes=\"(max-width: 858px) 100vw, 858px\" \/><\/a><\/p>\n<p><span style=\"color: #800000;\">Paraguay tuvo una fecha gris<\/span><\/p>\n<p>La selecci\u00f3n de Paraguay volvi\u00f3 a caer, esta vez frente a Bolivia por 1-0 en La Paz, y sum\u00f3 su segunda derrota seguida, tras la goleada por 1-4 que le infligi\u00f3 Per\u00fa en la jornada anterior. Adem\u00e1s, la fortuna le es esquiva ya que fue derrotada este martes por un autogol de su zaguero Gustavo G\u00f3mez en el minuto 78. La Albirroja no levanta cabeza y es s\u00e9ptima con 15 unidades, mientras que su rival pas\u00f3 del \u00faltimo puesto al pen\u00faltimo, con 7.<\/p>\n<p><a href=\"https:\/\/www.futboltotal.com.mx\/wp-content\/uploads\/2016\/11\/Peru.jpg\"><img decoding=\"async\" loading=\"lazy\" class=\"alignnone size-full wp-image-442630\" src=\"https:\/\/www.futboltotal.com.mx\/wp-content\/uploads\/2016\/11\/Peru.jpg\" alt=\"peru\" srcset=\"http:\/\/desarrollo.grupomedios.com\/futbol\/wp-content\/uploads\/2016\/11\/Peru.jpg 858w, http:\/\/desarrollo.grupomedios.com\/futbol\/wp-content\/uploads\/2016\/11\/Peru-300x151.jpg 300w, http:\/\/desarrollo.grupomedios.com\/futbol\/wp-content\/uploads\/2016\/11\/Peru-768x386.jpg 768w, http:\/\/desarrollo.grupomedios.com\/futbol\/wp-content\/uploads\/2016\/11\/Peru-340x171.jpg 340w\" sizes=\"(max-width: 858px) 100vw, 858px\" \/><\/a><\/p>\n<p><span style=\"color: #800000;\">Per\u00fa sufre y cae al fondo\u00a0<\/span><\/p>\n<p>La selecci\u00f3n peruana no pudo completar una doble fecha triunfal. Aunque derrot\u00f3 a domicilio por 1-4 a Paraguay el jueves pasado, este martes cay\u00f3 en casa por 0-2 ante el l\u00edder Brasil, que desde el 2000 no ganaba en Lima. La Blanquirroja baj\u00f3 la guardia y se mantiene en el octavo lugar de la clasificaci\u00f3n en la que acumula 14 unidades.<\/p>\n","protected":false},"excerpt":{"rendered":"<p>Tras 12 jornadas, Argentina est\u00e1 en zona de repesca y Colombia fuera<\/p>\n","protected":false},"author":20,"featured_media":442625,"comment_status":"closed","ping_status":"closed","sticky":false,"template":"","format":"standard","meta":[],"categories":[3839,5951],"tags":[5996,6009,6251],"_links":{"self":[{"href":"http:\/\/desarrollo.grupomedios.com\/futbol\/wp-json\/wp\/v2\/posts\/442512"}],"collection":[{"href":"http:\/\/desarrollo.grupomedios.com\/futbol\/wp-json\/wp\/v2\/posts"}],"about":[{"href":"http:\/\/desarrollo.grupomedios.com\/futbol\/wp-json\/wp\/v2\/types\/post"}],"author":[{"embeddable":true,"href":"http:\/\/desarrollo.grupomedios.com\/futbol\/wp-json\/wp\/v2\/users\/20"}],"replies":[{"embeddable":true,"href":"http:\/\/desarrollo.grupomedios.com\/futbol\/wp-json\/wp\/v2\/comments?post=442512"}],"version-history":[{"count":0,"href":"http:\/\/desarrollo.grupomedios.com\/futbol\/wp-json\/wp\/v2\/posts\/442512\/revisions"}],"wp:featuredmedia":[{"embeddable":true,"href":"http:\/\/desarrollo.grupomedios.com\/futbol\/wp-json\/wp\/v2\/media\/442625"}],"wp:attachment":[{"href":"http:\/\/desarrollo.grupomedios.com\/futbol\/wp-json\/wp\/v2\/media?parent=442512"}],"wp:term":[{"taxonomy":"category","embeddable":true,"href":"http:\/\/desarrollo.grupomedios.com\/futbol\/wp-json\/wp\/v2\/categories?post=442512"},{"taxonomy":"post_tag","embeddable":true,"href":"http:\/\/desarrollo.grupomedios.com\/futbol\/wp-json\/wp\/v2\/tags?post=442512"}],"curies":[{"name":"wp","href":"https:\/\/api.w.org\/{rel}","templated":true}]}}