{"id":442659,"date":"2016-11-16T11:18:37","date_gmt":"2016-11-16T17:18:37","guid":{"rendered":"https:\/\/www.futboltotal.com.mx\/?p=442659"},"modified":"2016-11-16T11:36:57","modified_gmt":"2016-11-16T17:36:57","slug":"marcelo-con-mas-calidad-que-roberto-carlos","status":"publish","type":"post","link":"http:\/\/desarrollo.grupomedios.com\/futbol\/futbol-internacional\/marcelo-con-mas-calidad-que-roberto-carlos\/2016\/11","title":{"rendered":"Marcelo, con m\u00e1s calidad que Roberto Carlos"},"content":{"rendered":"<p>El exjugador brasile\u00f1o del Real Madrid,\u00a0<strong>Roberto Carlos<\/strong>,\u00a0dijo hoy que el actual lateral madridista Marcelo Vieira tiene &#8220;m\u00e1s calidad&#8221; de la que ten\u00eda \u00e9l en su etapa de jugador, pero \u00e9l contaba con &#8220;m\u00e1s potencia&#8221; y capacidad de golpeo a bal\u00f3n parado.<\/p>\n<p>&#8220;Yo ten\u00eda m\u00e1s potencia que Marcelo, \u00e9l es m\u00e1s habilidoso, m\u00e1s inteligente. Cuando pisa el bal\u00f3n no se lo quitan. \u00c9l tiene m\u00e1s calidad, lo m\u00edo era la potencia y el bal\u00f3n parado. Y correr, que tambi\u00e9n hay que correr&#8221;, destac\u00f3 Roberto Carlos, actual embajador del club en Asia, en un acto este mi\u00e9rcoles en Madrid.<\/p>\n<p style=\"text-align: center;\"><a href=\"https:\/\/www.futboltotal.com.mx\/futbol-internacional\/\"><span style=\"color: #3366ff;\">LEER M\u00c1S: Todas las noticias de futbol internacional<\/span><\/a><\/p>\n<p><a href=\"https:\/\/www.futboltotal.com.mx\/wp-content\/uploads\/2016\/11\/Frase-FT.jpg\"><img decoding=\"async\" loading=\"lazy\" class=\"alignnone size-full wp-image-442666\" src=\"https:\/\/www.futboltotal.com.mx\/wp-content\/uploads\/2016\/11\/Frase-FT.jpg\" alt=\"frase-ft\" srcset=\"http:\/\/desarrollo.grupomedios.com\/futbol\/wp-content\/uploads\/2016\/11\/Frase-FT.jpg 800w, http:\/\/desarrollo.grupomedios.com\/futbol\/wp-content\/uploads\/2016\/11\/Frase-FT-300x252.jpg 300w, http:\/\/desarrollo.grupomedios.com\/futbol\/wp-content\/uploads\/2016\/11\/Frase-FT-768x644.jpg 768w\" sizes=\"(max-width: 800px) 100vw, 800px\" \/><\/a><\/p>\n<p>A prop\u00f3sito de su compatriota, el exfutbolista del Real Madrid entre 1996 y 2007, y campe\u00f3n mundial con Brasil en 2002, dijo que la <em>Canarinha<\/em>\u00a0est\u00e1 &#8220;bien representada&#8221; con laterales como Marcelo y el rojiblanco Filipe Luis, aunque cree que el blanco hace un f\u00fatbol &#8220;m\u00e1s real&#8221; y es el mejor del planeta en su puesto.<\/p>\n<p>&#8220;Para m\u00ed Marcelo es el mejor lateral izquierdo del mundo. Est\u00e1 haciendo historia del Real Madrid y la est\u00e1 haciendo bien. Es uno de los capitanes, un l\u00edder&#8221;, agreg\u00f3 Roberto Carlos.<\/p>\n<p>Sobre el derbi que disputar\u00e1n el Atl\u00e9tico y el Real Madrid, \u00a0actual l\u00edder de LaLiga Santander, Roberto Carlos apunt\u00f3: &#8220;El Madrid es l\u00edder y cuando est\u00e1s arriba hay que distanciarse. Sabemos que es un partido muy importante, queremos abrir nueve puntos de diferencia&#8221;.<\/p>\n","protected":false},"excerpt":{"rendered":"<p>El m\u00edtico brasile\u00f1o asegur\u00f3 que su connacional es el mejor lateral izquierdo del mundo<\/p>\n","protected":false},"author":20,"featured_media":442668,"comment_status":"closed","ping_status":"closed","sticky":false,"template":"","format":"standard","meta":[],"categories":[3839,3844,5951],"tags":[1197,5988],"_links":{"self":[{"href":"http:\/\/desarrollo.grupomedios.com\/futbol\/wp-json\/wp\/v2\/posts\/442659"}],"collection":[{"href":"http:\/\/desarrollo.grupomedios.com\/futbol\/wp-json\/wp\/v2\/posts"}],"about":[{"href":"http:\/\/desarrollo.grupomedios.com\/futbol\/wp-json\/wp\/v2\/types\/post"}],"author":[{"embeddable":true,"href":"http:\/\/desarrollo.grupomedios.com\/futbol\/wp-json\/wp\/v2\/users\/20"}],"replies":[{"embeddable":true,"href":"http:\/\/desarrollo.grupomedios.com\/futbol\/wp-json\/wp\/v2\/comments?post=442659"}],"version-history":[{"count":0,"href":"http:\/\/desarrollo.grupomedios.com\/futbol\/wp-json\/wp\/v2\/posts\/442659\/revisions"}],"wp:featuredmedia":[{"embeddable":true,"href":"http:\/\/desarrollo.grupomedios.com\/futbol\/wp-json\/wp\/v2\/media\/442668"}],"wp:attachment":[{"href":"http:\/\/desarrollo.grupomedios.com\/futbol\/wp-json\/wp\/v2\/media?parent=442659"}],"wp:term":[{"taxonomy":"category","embeddable":true,"href":"http:\/\/desarrollo.grupomedios.com\/futbol\/wp-json\/wp\/v2\/categories?post=442659"},{"taxonomy":"post_tag","embeddable":true,"href":"http:\/\/desarrollo.grupomedios.com\/futbol\/wp-json\/wp\/v2\/tags?post=442659"}],"curies":[{"name":"wp","href":"https:\/\/api.w.org\/{rel}","templated":true}]}}