{"id":442667,"date":"2016-11-16T11:24:14","date_gmt":"2016-11-16T17:24:14","guid":{"rendered":"https:\/\/www.futboltotal.com.mx\/?p=442667"},"modified":"2016-11-16T11:24:14","modified_gmt":"2016-11-16T17:24:14","slug":"james-esta-rendir-recibir-carino-amaranto-perea","status":"publish","type":"post","link":"http:\/\/desarrollo.grupomedios.com\/futbol\/futbol-internacional\/james-esta-rendir-recibir-carino-amaranto-perea\/2016\/11","title":{"rendered":"James est\u00e1 para rendir, no para recibir cari\u00f1o: Amaranto Perea"},"content":{"rendered":"<p>El Atl\u00e9tico de Madrid recibir\u00e1 al Real Madrid el pr\u00f3ximo s\u00e1bado. Uno de los jugadores que han dado de qu\u00e9 hablar en la previa del duelo es <strong>James<\/strong> Rodr\u00edguez, cuyo nivel ha sido puesto en tela de juicio en las \u00faltimas semanas, por lo mostrado con el equipo y con la selecci\u00f3n colombiana.<\/p>\n<p>Ahora, su compatriota Luis Amaranto Perea -ex jugador del <em>Atleti<\/em>&#8211; se refiri\u00f3 al nivel de <strong>James<\/strong>: \u201cHa sorprendido que haya dejado de aparecer mucho&#8221;, dijo el ex defensa central.<\/p>\n<p style=\"text-align: center;\"><a href=\"https:\/\/www.futboltotal.com.mx\/2016\/11\/celebran-10-anos-marcelo-en-real-madrid\/\" target=\"_blank\"><span style=\"color: #3366ff;\"><strong>LEER M\u00c1S: Celebran 10 a\u00f1os de Marcelo en el Real Madrid<\/strong><\/span><\/a><\/p>\n<p>Perea habl\u00f3 de los inicios de <strong>James<\/strong> en el cuadro del Santiago Bernab\u00e9u: \u201cCuando lleg\u00f3 se gener\u00f3 una cierta duda de si era un jugador con ese valor, pero puso su talento jug\u00f3 y demostr\u00f3 que puede estar en el Real Madrid\u201d.<\/p>\n<p>Roberto Carlos se refiri\u00f3 recientemente al 10 <em>Blanco <\/em>y dijo que necesitaba cari\u00f1o, ser arropado. Al respecto, Amaranto discrep\u00f3: \u201cSe habla de que no le dan cari\u00f1o\u2026 al final, los clubes no est\u00e1n para dar cari\u00f1o, los jugadores est\u00e1n para rendir\u201d.<\/p>\n<p style=\"text-align: center;\"><a href=\"https:\/\/www.futboltotal.com.mx\/2016\/11\/james-rodriguez-niega-mala-relacion-zidane\/\" target=\"_blank\"><span style=\"color: #3366ff;\"><strong>LEER M\u00c1S: James Rodr\u00edguez niega mala relaci\u00f3n con Zidane<\/strong><\/span><\/a><\/p>\n<p>Sobre lo que el volante <em>Madridista<\/em> debe hacer, Perea concluy\u00f3: \u201c<strong>James<\/strong> debe retomar lo que hizo en la \u00e9poca de Ancelotti. \u00c9l tiene que recordar, hacer autoan\u00e1lisis y empezar a trabajar cada momento que le d\u00e9 el entrenador y aprovecharlo\u201d.<\/p>\n","protected":false},"excerpt":{"rendered":"<p>James Rodr\u00edguez no ha estado en su mejor forma recientemente y Amaranto Perea dijo qu\u00e9 es lo que el Madridista debe hacer para recuperarse<\/p>\n","protected":false},"author":20,"featured_media":442671,"comment_status":"closed","ping_status":"closed","sticky":false,"template":"","format":"standard","meta":[],"categories":[3839,3844],"tags":[5128,6007,6475,6082,2048,5988],"_links":{"self":[{"href":"http:\/\/desarrollo.grupomedios.com\/futbol\/wp-json\/wp\/v2\/posts\/442667"}],"collection":[{"href":"http:\/\/desarrollo.grupomedios.com\/futbol\/wp-json\/wp\/v2\/posts"}],"about":[{"href":"http:\/\/desarrollo.grupomedios.com\/futbol\/wp-json\/wp\/v2\/types\/post"}],"author":[{"embeddable":true,"href":"http:\/\/desarrollo.grupomedios.com\/futbol\/wp-json\/wp\/v2\/users\/20"}],"replies":[{"embeddable":true,"href":"http:\/\/desarrollo.grupomedios.com\/futbol\/wp-json\/wp\/v2\/comments?post=442667"}],"version-history":[{"count":0,"href":"http:\/\/desarrollo.grupomedios.com\/futbol\/wp-json\/wp\/v2\/posts\/442667\/revisions"}],"wp:featuredmedia":[{"embeddable":true,"href":"http:\/\/desarrollo.grupomedios.com\/futbol\/wp-json\/wp\/v2\/media\/442671"}],"wp:attachment":[{"href":"http:\/\/desarrollo.grupomedios.com\/futbol\/wp-json\/wp\/v2\/media?parent=442667"}],"wp:term":[{"taxonomy":"category","embeddable":true,"href":"http:\/\/desarrollo.grupomedios.com\/futbol\/wp-json\/wp\/v2\/categories?post=442667"},{"taxonomy":"post_tag","embeddable":true,"href":"http:\/\/desarrollo.grupomedios.com\/futbol\/wp-json\/wp\/v2\/tags?post=442667"}],"curies":[{"name":"wp","href":"https:\/\/api.w.org\/{rel}","templated":true}]}}