{"id":442702,"date":"2016-11-16T13:22:03","date_gmt":"2016-11-16T19:22:03","guid":{"rendered":"https:\/\/www.futboltotal.com.mx\/?p=442702"},"modified":"2016-11-16T13:22:25","modified_gmt":"2016-11-16T19:22:25","slug":"donnarumma-pele-la-porteria","status":"publish","type":"post","link":"http:\/\/desarrollo.grupomedios.com\/futbol\/futbol-internacional\/donnarumma-pele-la-porteria\/2016\/11","title":{"rendered":"Donnarumma, el Pel\u00e9 de la porter\u00eda"},"content":{"rendered":"<p>Cuando Gianluigi Buffon deje la Selecci\u00f3n de Italia no habr\u00e1 porque preocuparse. Detr\u00e1s de \u00e9l hay un chico con un gran talento que apunta para relevarlo. Se trata de <em>Gigi\u00a0<\/em><strong>Donnarumma<\/strong>, cuyo agente Mino Raiola, asegur\u00f3 que es el Maradona y Pel\u00e9 &#8220;de la porter\u00eda&#8221; y podr\u00eda dejar el AC Mil\u00e1n para fichar con alg\u00fan portentoso club.<\/p>\n<p>&nbsp;<\/p>\n<blockquote><p>&#8220;Ya lo he dicho varias veces, ese chico es como una obra de Modigliani. Es a la vez el Maradona y el Pel\u00e9 de la porter\u00eda&#8221;, afirm\u00f3 Raiola en declaraciones difundidas hoy por el <em>Corriere della Sera<\/em>.<\/p>\n<p style=\"text-align: center;\"><a href=\"https:\/\/www.futboltotal.com.mx\/2016\/11\/balotelli-quiere-volver-a-la-seleccion-italia\/\"><span style=\"color: #3366ff;\">LEER M\u00c1S: Balotelli quiere regresar a la Selecci\u00f3n de Italia<\/span><\/a><\/p>\n<\/blockquote>\n<p>A sus 17 a\u00f1os, <strong>Donnarumma<\/strong> es considerado en Italia como el futbolista de m\u00e1s potencial del pa\u00eds transalpino, lo que ha alimentado rumores de mercado sobre un posible inter\u00e9s del Juventus para ficharle para cuando se retire su capit\u00e1n, Gianluigi Buffon. El traspaso no se har\u00eda por menos de 60 millones de euros.<\/p>\n<p>Raiola, que el pasado verano ingres\u00f3 una hist\u00f3rica comisi\u00f3n de 27 MDE gracias a la venta de Pogba al Manchester United, destac\u00f3 que no excluye que el portero del Milan pueda salir del club <em>rossonero<\/em>, ya que tiene un &#8220;mercado universal&#8221;.<\/p>\n<blockquote><p>&#8220;No excluyo nada sobre su futuro. Yo tampoco excluyo que pueda convertirme en el presidente de la Rep\u00fablica italiana, imag\u00ednense si puedo excluir que <strong>Donnarumma<\/strong> salga del Milan&#8221;, asegur\u00f3 con sorna el representante italiano.<\/p>\n<p>&#8220;Cuenta con un mercado infinito, mundial, universal. Yo nunca excluyo nada, nunca&#8221;, sentenci\u00f3.<\/p><\/blockquote>\n<p>Donnarumma debut\u00f3 en la Serie A italiana (Primera Divisi\u00f3n) el a\u00f1o pasado con apenas 16 a\u00f1os y se convirti\u00f3 el pasado 1 de septiembre en el portero m\u00e1s joven de la historia en estrenarse con la camiseta de la selecci\u00f3n italiana.<\/p>\n","protected":false},"excerpt":{"rendered":"<p>El arquero italiano, que apunta como sucesor de Buffon, puede cambiar de club<\/p>\n","protected":false},"author":144,"featured_media":442705,"comment_status":"closed","ping_status":"closed","sticky":false,"template":"","format":"standard","meta":[],"categories":[3839,3848,5951],"tags":[7602],"_links":{"self":[{"href":"http:\/\/desarrollo.grupomedios.com\/futbol\/wp-json\/wp\/v2\/posts\/442702"}],"collection":[{"href":"http:\/\/desarrollo.grupomedios.com\/futbol\/wp-json\/wp\/v2\/posts"}],"about":[{"href":"http:\/\/desarrollo.grupomedios.com\/futbol\/wp-json\/wp\/v2\/types\/post"}],"author":[{"embeddable":true,"href":"http:\/\/desarrollo.grupomedios.com\/futbol\/wp-json\/wp\/v2\/users\/144"}],"replies":[{"embeddable":true,"href":"http:\/\/desarrollo.grupomedios.com\/futbol\/wp-json\/wp\/v2\/comments?post=442702"}],"version-history":[{"count":0,"href":"http:\/\/desarrollo.grupomedios.com\/futbol\/wp-json\/wp\/v2\/posts\/442702\/revisions"}],"wp:featuredmedia":[{"embeddable":true,"href":"http:\/\/desarrollo.grupomedios.com\/futbol\/wp-json\/wp\/v2\/media\/442705"}],"wp:attachment":[{"href":"http:\/\/desarrollo.grupomedios.com\/futbol\/wp-json\/wp\/v2\/media?parent=442702"}],"wp:term":[{"taxonomy":"category","embeddable":true,"href":"http:\/\/desarrollo.grupomedios.com\/futbol\/wp-json\/wp\/v2\/categories?post=442702"},{"taxonomy":"post_tag","embeddable":true,"href":"http:\/\/desarrollo.grupomedios.com\/futbol\/wp-json\/wp\/v2\/tags?post=442702"}],"curies":[{"name":"wp","href":"https:\/\/api.w.org\/{rel}","templated":true}]}}