{"id":442730,"date":"2016-11-19T18:21:04","date_gmt":"2016-11-20T00:21:04","guid":{"rendered":"https:\/\/www.futboltotal.com.mx\/?p=442730"},"modified":"2016-11-19T21:47:21","modified_gmt":"2016-11-20T03:47:21","slug":"en-vivo-morelia-vs-monterrey-liga-mx","status":"publish","type":"post","link":"http:\/\/desarrollo.grupomedios.com\/futbol\/futbol-mexicano\/en-vivo-morelia-vs-monterrey-liga-mx\/2016\/11","title":{"rendered":"AS\u00cd SE VIVI\u00d3 | Morelia vs Monterrey | Liga MX"},"content":{"rendered":"<p><a class=\"twitter-timeline\" href=\"https:\/\/twitter.com\/search?q=from%3A%40FuerzaMonarca%3B%20OR%20from%3A%40Rayados\" data-widget-id=\"800130564657278977\">Tweets sobre from:@FuerzaMonarca; OR from:@Rayados<\/a><br \/>\n<script>!function(d,s,id){var js,fjs=d.getElementsByTagName(s)[0],p=\/^http:\/.test(d.location)?'http':'https';if(!d.getElementById(id)){js=d.createElement(s);js.id=id;js.src=p+\":\/\/platform.twitter.com\/widgets.js\";fjs.parentNode.insertBefore(js,fjs);}}(document,\"script\",\"twitter-wjs\");<\/script><\/p>\n<p>En el estadio Morelos, <a href=\"http:\/\/futboltotal.com.mx\/equipos\/morelia\/\" target=\"_blank\">Morelia<\/a> y <a href=\"http:\/\/futboltotal.com.mx\/equipos\/monterrey\/\" target=\"_blank\">Monterrey<\/a> protagonizar\u00e1n uno de los partidos de mayor expectaci\u00f3n de la jornada 17, pues mientras uno pelea por alejarse del descenso, el otro buscar\u00e1 colarse a la<em> Fiesta Grande<\/em>. El juego inicia a las 19:00 horas del s\u00e1bado 19 de noviembre.<\/p>\n<p><strong>Morelia<\/strong> no ha perdido desde que Roberto Hern\u00e1ndez Ayala asumi\u00f3 la direcci\u00f3n t\u00e9cnica del equipo, por eso buscar\u00e1n una nueva victoria que los aleje de los \u00faltimos lugares porcentuales, aprovechando que los <em>Tiburones Rojos<\/em> del Veracruz ocupan el s\u00f3tano.<\/p>\n<p><strong>Monterrey<\/strong> por su parte, busca meterse a la Liguilla, para ello necesita vencer a <em>Monarcas<\/em> y esperar a que Necaxa, Toluca, Pumas y Le\u00f3n no ganen, para asegurar su invitaci\u00f3n a la <em>Fiesta Grande<\/em> de la Liga MX. Los Rayados no han tenido un buen semestre, sobre todo por la eliminaci\u00f3n en Concachampions, por lo que no quiere dar otro mal sabor a su afici\u00f3n.<\/p>\n<p><em>Rayados<\/em> visitar\u00e1 a <em>Monarcas<\/em> con la obligaci\u00f3n de ganar para alcanzar los 25 puntos y el Le\u00f3n, aunque a este juego llegar\u00e1 sabiendo el resultado de la <em>Fiera<\/em>, quien llegar\u00eda a 26 si logra superar al Cruz Azul en su visita a la capital mexicana.<\/p>\n<p><strong>Morelia vs Monterrey<\/strong>, \u00bfcu\u00e1l es tu pron\u00f3stico para este partido, <em>crack<\/em>?<\/p>\n","protected":false},"excerpt":{"rendered":"<p>Rayados busca colarse en la Fiesta Grande<\/p>\n","protected":false},"author":20,"featured_media":443515,"comment_status":"closed","ping_status":"closed","sticky":false,"template":"","format":"standard","meta":[],"categories":[2198,3845],"tags":[5966,5967],"_links":{"self":[{"href":"http:\/\/desarrollo.grupomedios.com\/futbol\/wp-json\/wp\/v2\/posts\/442730"}],"collection":[{"href":"http:\/\/desarrollo.grupomedios.com\/futbol\/wp-json\/wp\/v2\/posts"}],"about":[{"href":"http:\/\/desarrollo.grupomedios.com\/futbol\/wp-json\/wp\/v2\/types\/post"}],"author":[{"embeddable":true,"href":"http:\/\/desarrollo.grupomedios.com\/futbol\/wp-json\/wp\/v2\/users\/20"}],"replies":[{"embeddable":true,"href":"http:\/\/desarrollo.grupomedios.com\/futbol\/wp-json\/wp\/v2\/comments?post=442730"}],"version-history":[{"count":0,"href":"http:\/\/desarrollo.grupomedios.com\/futbol\/wp-json\/wp\/v2\/posts\/442730\/revisions"}],"wp:featuredmedia":[{"embeddable":true,"href":"http:\/\/desarrollo.grupomedios.com\/futbol\/wp-json\/wp\/v2\/media\/443515"}],"wp:attachment":[{"href":"http:\/\/desarrollo.grupomedios.com\/futbol\/wp-json\/wp\/v2\/media?parent=442730"}],"wp:term":[{"taxonomy":"category","embeddable":true,"href":"http:\/\/desarrollo.grupomedios.com\/futbol\/wp-json\/wp\/v2\/categories?post=442730"},{"taxonomy":"post_tag","embeddable":true,"href":"http:\/\/desarrollo.grupomedios.com\/futbol\/wp-json\/wp\/v2\/tags?post=442730"}],"curies":[{"name":"wp","href":"https:\/\/api.w.org\/{rel}","templated":true}]}}