{"id":442760,"date":"2016-11-16T16:22:50","date_gmt":"2016-11-16T22:22:50","guid":{"rendered":"https:\/\/www.futboltotal.com.mx\/?p=442760"},"modified":"2016-11-16T16:22:50","modified_gmt":"2016-11-16T22:22:50","slug":"conmebol-pierde-sin-mexico-en-libertadores","status":"publish","type":"post","link":"http:\/\/desarrollo.grupomedios.com\/futbol\/futbol-mexicano\/conmebol-pierde-sin-mexico-en-libertadores\/2016\/11","title":{"rendered":"Conmebol pierde sin M\u00e9xico en Libertadores"},"content":{"rendered":"<p>En <strong>Chivas<\/strong> hab\u00eda gran ilusi\u00f3n por disputar la Copa Libertadores 2017 -en calidad de campe\u00f3n de la Supercopa MX 2016-; sin embargo ahora que la participaci\u00f3n de los equipos de la Liga MX est\u00e1 descartada, el director t\u00e9cnico del <em>Reba\u00f1o<\/em>, Mat\u00edas Almeyda, consider\u00f3 que &#8220;es una pena la decisi\u00f3n tomada&#8221; y la Conmebol pierde m\u00e1s porque no tendr\u00e1 &#8220;a M\u00e9xico y sus equipos protagonistas&#8221;.<\/p>\n<blockquote><p>&#8220;Es una pena. Hay decisiones en las que no intervenimos y tenemos que aceptarlos. Me duele y se pierde mucho al dejar fuera a los equipos mexicanos. Hay situaciones econ\u00f3micas, deportivas, de juego y hasta por lo que genera la afici\u00f3n. Ya no se puede cambiar nada&#8221;, estableci\u00f3 el Pelado en rueda de prensa.<\/p>\n<p style=\"text-align: center;\"><a href=\"https:\/\/www.futboltotal.com.mx\/2016\/11\/liguilla-chivas-tv-costara-minimo-500-pesos\/\"><span style=\"color: #3366ff;\">LEER M\u00c1S: Chivas TV no cobrar\u00e1 menos de 500 pesos por juegos de Liguilla<\/span><\/a><\/p>\n<p>&#8220;Todos ten\u00edamos ilusi\u00f3n grande de jugar en esa Copa. Pero ya no depende de Chivas, sino de la liga mexicana, pero los que m\u00e1s pierden son los organizadores de la Copa Libertadores, porque estaba jerarquizada por los equipos mexicanos&#8221;, valor\u00f3.<\/p><\/blockquote>\n<p>Almeyda se\u00f1al\u00f3 que <strong>Chivas <\/strong>ahora redirecciona los objetivos y tiene como gran anhelo jugar el Mundial de Clubes. Pero para ello debe ir paso a paso. Primero deber\u00e1 superar la Liguilla y jugar la final del Apertura 2016. En caso de hacerlo tendr\u00e1 el boleto para la Liga de Campeones de la Concacaf y luego deber\u00e1 ganarla para cumplir con el nuevo gran objetivo.<\/p>\n<blockquote><p>&#8220;So\u00f1amos con la Liga de Campeones de la Concacaf, ganarla y jugar en el Mundial de Clubes. Estamos muy enfocados en el cierre del torneo, en la liguilla y llegar tan lejos como hasta ahora&#8221;, dijo Almeyda, quien asegur\u00f3 que le da lo mismo que haya o no un tercer cl\u00e1sico con Am\u00e9rica: &#8220;He escuchado mucho y por ahora no pienso en ello. Primero est\u00e1 un partido muy importante ante Necaxa. Si pretendemos ser campeones necesitamos enfrentarnos al que sea. Da igual si es con Am\u00e9rica, si cerramos en casa o de visita&#8221;.<\/p><\/blockquote>\n","protected":false},"excerpt":{"rendered":"<p>Almeyda lament\u00f3 que Chivas no pueda participar en el certamen del 2017 <\/p>\n","protected":false},"author":20,"featured_media":442777,"comment_status":"closed","ping_status":"closed","sticky":false,"template":"","format":"standard","meta":[],"categories":[2198,3845,5950],"tags":[7192,70],"_links":{"self":[{"href":"http:\/\/desarrollo.grupomedios.com\/futbol\/wp-json\/wp\/v2\/posts\/442760"}],"collection":[{"href":"http:\/\/desarrollo.grupomedios.com\/futbol\/wp-json\/wp\/v2\/posts"}],"about":[{"href":"http:\/\/desarrollo.grupomedios.com\/futbol\/wp-json\/wp\/v2\/types\/post"}],"author":[{"embeddable":true,"href":"http:\/\/desarrollo.grupomedios.com\/futbol\/wp-json\/wp\/v2\/users\/20"}],"replies":[{"embeddable":true,"href":"http:\/\/desarrollo.grupomedios.com\/futbol\/wp-json\/wp\/v2\/comments?post=442760"}],"version-history":[{"count":0,"href":"http:\/\/desarrollo.grupomedios.com\/futbol\/wp-json\/wp\/v2\/posts\/442760\/revisions"}],"wp:featuredmedia":[{"embeddable":true,"href":"http:\/\/desarrollo.grupomedios.com\/futbol\/wp-json\/wp\/v2\/media\/442777"}],"wp:attachment":[{"href":"http:\/\/desarrollo.grupomedios.com\/futbol\/wp-json\/wp\/v2\/media?parent=442760"}],"wp:term":[{"taxonomy":"category","embeddable":true,"href":"http:\/\/desarrollo.grupomedios.com\/futbol\/wp-json\/wp\/v2\/categories?post=442760"},{"taxonomy":"post_tag","embeddable":true,"href":"http:\/\/desarrollo.grupomedios.com\/futbol\/wp-json\/wp\/v2\/tags?post=442760"}],"curies":[{"name":"wp","href":"https:\/\/api.w.org\/{rel}","templated":true}]}}