{"id":442828,"date":"2016-11-16T19:06:40","date_gmt":"2016-11-17T01:06:40","guid":{"rendered":"https:\/\/www.futboltotal.com.mx\/?p=442828"},"modified":"2016-11-16T19:07:11","modified_gmt":"2016-11-17T01:07:11","slug":"torrente-almeyda-abatidos-ausencia-libertadores","status":"publish","type":"post","link":"http:\/\/desarrollo.grupomedios.com\/futbol\/futbol-mexicano\/torrente-almeyda-abatidos-ausencia-libertadores\/2016\/11","title":{"rendered":"Torrente y Almeyda, abatidos por ausencia de Libertadores"},"content":{"rendered":"<p>Los entrenadores argentinos <strong>Mat\u00edas Almeyda<\/strong>, de las <a href=\"http:\/\/www.futboltotal.com.mx\/equipos\/guadalajara\/\" target=\"_blank\">Chivas del Guadalajara<\/a>, y <strong>Javier Torrente<\/strong>, del <a href=\"http:\/\/www.futboltotal.com.mx\/equipos\/leon\/\" target=\"_blank\">Le\u00f3n<\/a>, lamentan que el f\u00fatbol mexicano haya tomado la decisi\u00f3n de no participar en la <strong>Copa Libertadores<\/strong> del pr\u00f3ximo a\u00f1o.<\/p>\n<p>Hasta ahora, la Liga MX del f\u00fatbol mexicano no se ha pronunciado sobre el tema ni ha manifestado su posici\u00f3n ante su posible salida de la <strong>Copa Libertadores<\/strong>, pero directivos de distintos equipos ya se adelantaron y han hecho p\u00fablica su posici\u00f3n de no acudir m\u00e1s al torneo.<\/p>\n<p>&#8220;Creemos que es una perdida para ambos torneos, los dirigentes tanto de Conmebol como de la Liga mexicana tendr\u00edan que ponerse acuerdo y dejarse de tonter\u00edas, son cuestiones que no dependen de nosotros&#8221;, dijo Torrente en conferencia de prensa.<\/p>\n<p>&#8220;La liga mexicana, cualquier equipo que pueda acceder a la Libertdores pierde una competencia y una vitrina importante&#8221;, a\u00f1adi\u00f3 Torrente.<\/p>\n<p>Mientras que Almeyda, cuyo equipo ten\u00eda el boleto para la fase previa, declar\u00f3 a la prensa que los que m\u00e1s pierden son los de equipos de la Conmebol &#8220;porque no podr\u00e1n medirse contra equipos de gran calidad como los mexicanos&#8221;.<\/p>\n<p style=\"text-align: center;\"><span style=\"color: #3366ff;\"><a style=\"color: #3366ff;\" href=\"https:\/\/www.futboltotal.com.mx\/2016\/11\/riesgo-corre-chiapas-juega-la-ultima-fecha\/\" target=\"_blank\"><strong>LEER M\u00c1S: Chiapas descender\u00eda tras jornada 17<\/strong> <\/a><\/span><\/p>\n<p>Record\u00f3 que su equipo estaba planificando su participaci\u00f3n para empezar en enero pero todo se qued\u00f3 en planes.<\/p>\n<p>&#8220;Para Chivas una gran ilusi\u00f3n poder estar en la Libertadores (&#8230;) son decisiones que no corren por nuestra cuenta, ganamos el boleto e hicimos lo que estuvo a nuestro alcance para estar en el torneo&#8221;, record\u00f3 Almeyda.<\/p>\n<p>Al referirse a sus equipos Almeyda dijo que Chivas, antes de pensar en jugar cualquier torneo internacional, tiene que concretar una buena liguilla y buscar el t\u00edtulo, mientras que Torrente se\u00f1al\u00f3 que Le\u00f3n debe clasificarse a la fase final en la \u00faltima jornada.<\/p>\n<p>Tras semanas de negociaci\u00f3n para intentar un acuerdo, las dos competiciones no lograron ajustar sus calendarios y M\u00e9xico, que ten\u00eda dos boletos directo y uno a la fase previa de la <strong>Copa Libertadores<\/strong> dejar\u00e1 el torneo de clubes que organiza la CONMEBOL.<\/p>\n<p>S\u00edguenos en Twitter: <a href=\"https:\/\/twitter.com\/MXFutbolTotal\" target=\"_blank\">@MXFutbolTotal<\/a><\/p>\n<p><span style=\"color: #ff0000;\">VIDEO: Agenda TV | Jornada 17 Apertura 2016<\/span><\/p>\n<p>[video_player]https:\/\/player.vimeo.com\/external\/191498841.hd.mp4?s=afee108edd03892d9bab0ead3d0b1a8808885e0f&amp;profile_id=174[\/video_player]<\/p>\n","protected":false},"excerpt":{"rendered":"<p>Los estrategas argentinos lamentan que M\u00e9xico quede fuera<\/p>\n","protected":false},"author":144,"featured_media":442829,"comment_status":"closed","ping_status":"closed","sticky":false,"template":"","format":"standard","meta":[],"categories":[2198,3845,5950],"tags":[70,1396,5965],"_links":{"self":[{"href":"http:\/\/desarrollo.grupomedios.com\/futbol\/wp-json\/wp\/v2\/posts\/442828"}],"collection":[{"href":"http:\/\/desarrollo.grupomedios.com\/futbol\/wp-json\/wp\/v2\/posts"}],"about":[{"href":"http:\/\/desarrollo.grupomedios.com\/futbol\/wp-json\/wp\/v2\/types\/post"}],"author":[{"embeddable":true,"href":"http:\/\/desarrollo.grupomedios.com\/futbol\/wp-json\/wp\/v2\/users\/144"}],"replies":[{"embeddable":true,"href":"http:\/\/desarrollo.grupomedios.com\/futbol\/wp-json\/wp\/v2\/comments?post=442828"}],"version-history":[{"count":0,"href":"http:\/\/desarrollo.grupomedios.com\/futbol\/wp-json\/wp\/v2\/posts\/442828\/revisions"}],"wp:featuredmedia":[{"embeddable":true,"href":"http:\/\/desarrollo.grupomedios.com\/futbol\/wp-json\/wp\/v2\/media\/442829"}],"wp:attachment":[{"href":"http:\/\/desarrollo.grupomedios.com\/futbol\/wp-json\/wp\/v2\/media?parent=442828"}],"wp:term":[{"taxonomy":"category","embeddable":true,"href":"http:\/\/desarrollo.grupomedios.com\/futbol\/wp-json\/wp\/v2\/categories?post=442828"},{"taxonomy":"post_tag","embeddable":true,"href":"http:\/\/desarrollo.grupomedios.com\/futbol\/wp-json\/wp\/v2\/tags?post=442828"}],"curies":[{"name":"wp","href":"https:\/\/api.w.org\/{rel}","templated":true}]}}