{"id":442911,"date":"2016-11-17T10:09:00","date_gmt":"2016-11-17T16:09:00","guid":{"rendered":"https:\/\/www.futboltotal.com.mx\/?p=442911"},"modified":"2016-11-17T10:09:00","modified_gmt":"2016-11-17T16:09:00","slug":"en-colombia-aun-confian-en-pekerman","status":"publish","type":"post","link":"http:\/\/desarrollo.grupomedios.com\/futbol\/futbol-internacional\/en-colombia-aun-confian-en-pekerman\/2016\/11","title":{"rendered":"En Colombia a\u00fan conf\u00edan en P\u00e9kerman"},"content":{"rendered":"<p>El t\u00e9cnico argentino, <strong>Jos\u00e9 N\u00e9stor P\u00e9kerman<\/strong> recibi\u00f3 la confianza de parte de la Federaci\u00f3n Colombiana de Futbol (FCF) dirigida por Ram\u00f3n Jesur\u00fan. El dirigente reconoci\u00f3 que la derrota por 3-0 ante Argentina en la \u00faltima jornada de la eliminatoria rumbo al Mundial Rusia 2018, fue una llamada de atenci\u00f3n, \u201cpero seguimos dependiendo de nosotros mismos para clasificar al Mundial\u201d, asegur\u00f3 el directivo.<\/p>\n<p>Jesur\u00fan tambi\u00e9n precis\u00f3 que el seleccionador de Colombia tiene contrato con la FCF hasta despu\u00e9s de Rusia 2018 y adem\u00e1s en la actual crisis de la selecci\u00f3n colombiana &#8220;no est\u00e1 permitido desesperarse y tomar actitudes dr\u00e1sticas&#8221;.<\/p>\n<blockquote class=\"twitter-tweet\" data-width=\"500\">\n<p lang=\"es\" dir=\"ltr\"><a href=\"https:\/\/twitter.com\/hashtag\/MiSue%C3%B1oRusia2018?src=hash\">#MiSue\u00f1oRusia2018<\/a><\/p>\n<p>El sue\u00f1o est\u00e1 intacto. COL sigue con la ilusi\u00f3n. A\u00fan quedan 6 finales en las que nuestra Selecci\u00f3n dejar\u00e1 el coraz\u00f3n.<\/p>\n<p>&mdash; Selecci\u00f3n Colombia (@FCFSeleccionCol) <a href=\"https:\/\/twitter.com\/FCFSeleccionCol\/status\/798698736977317888\">November 16, 2016<\/a><\/p><\/blockquote>\n<p><script async src=\"\/\/platform.twitter.com\/widgets.js\" charset=\"utf-8\"><\/script><\/p>\n<p style=\"text-align: center;\"><a href=\"https:\/\/www.futboltotal.com.mx\/2016\/11\/klopp-defiende-a-wayne-rooney-acusaciones\/\"><span style=\"color: #3366ff;\">LEER M\u00c1S: Klopp defiende a Wayne Rooney sobre acusaciones<\/span><\/a><\/p>\n<p>El presidente de la FCF tambi\u00e9n extern\u00f3 su confianza en los jugadores colombianos: \u201cNo tenemos ninguna duda, ni el pa\u00eds futbol\u00edstico la tiene, de que los jugadores que convoca el profesor <strong>P\u00e9kerman<\/strong> para cada uno de los partidos de eliminatoria son los que mejor estado de forma tienen\u201d, al tiempo que asegur\u00f3 que la entidad que dirige no tienen pruebas para acusar al cuerpo t\u00e9cnico de <strong>Pekerm\u00e1n<\/strong>, y en particular Pascual Lescano, de elegir a los jugadores con un doble inter\u00e9s y as\u00ed elevarles el valor y permitir las trasferencias de algunos de ellos.<\/p>\n<p>Luego precis\u00f3: \u201cDe hecho, cuando las convocatorias son realizadas, por lo general todo mundo queda contento y satisfecho porque el 90 o 95 por ciento de los convocados son los que todos tienen en mente y est\u00e1n de acuerdo porque son los mejores del momento&#8221;.<\/p>\n<p style=\"text-align: center;\"><a href=\"https:\/\/www.futboltotal.com.mx\/2016\/11\/televisa-causo-mexico-quedara-libertadores\/\"><span style=\"color: #3366ff;\">LEER M\u00c1S: Televisa causa que M\u00e9xico quede fuera de Libertadores<\/span><\/a><\/p>\n<p>Jesur\u00fan pidi\u00f3 tranquilidad a los aficionados colombianos, despu\u00e9s de la derrota contra Argentina y el empate con Chile de local, aunque acept\u00f3 que \u201chay una frustraci\u00f3n&#8221;, tambi\u00e9n alarde\u00f3: &#8220;hemos salido de situaciones m\u00e1s dif\u00edciles. Ya nos pas\u00f3 el a\u00f1o pasado, por estas mismas fechas, pero arrancamos el 2016 en forma muy positiva y estamos seguros que as\u00ed ser\u00e1 el 2017&#8221;. Y concluy\u00f3 esperanzado: &#8220;Todav\u00eda queda un tercio de la eliminatoria, los seis partidos finales, y seguramente vamos a lograr los puntos para clasificar al Mundial&#8221;.<\/p>\n","protected":false},"excerpt":{"rendered":"<p>De 12 partidos ha ganado cinco, empatado tres y perdido cuatro.<\/p>\n","protected":false},"author":127,"featured_media":442919,"comment_status":"closed","ping_status":"closed","sticky":false,"template":"","format":"standard","meta":[],"categories":[3839],"tags":[6005,1392,796,2232],"_links":{"self":[{"href":"http:\/\/desarrollo.grupomedios.com\/futbol\/wp-json\/wp\/v2\/posts\/442911"}],"collection":[{"href":"http:\/\/desarrollo.grupomedios.com\/futbol\/wp-json\/wp\/v2\/posts"}],"about":[{"href":"http:\/\/desarrollo.grupomedios.com\/futbol\/wp-json\/wp\/v2\/types\/post"}],"author":[{"embeddable":true,"href":"http:\/\/desarrollo.grupomedios.com\/futbol\/wp-json\/wp\/v2\/users\/127"}],"replies":[{"embeddable":true,"href":"http:\/\/desarrollo.grupomedios.com\/futbol\/wp-json\/wp\/v2\/comments?post=442911"}],"version-history":[{"count":0,"href":"http:\/\/desarrollo.grupomedios.com\/futbol\/wp-json\/wp\/v2\/posts\/442911\/revisions"}],"wp:featuredmedia":[{"embeddable":true,"href":"http:\/\/desarrollo.grupomedios.com\/futbol\/wp-json\/wp\/v2\/media\/442919"}],"wp:attachment":[{"href":"http:\/\/desarrollo.grupomedios.com\/futbol\/wp-json\/wp\/v2\/media?parent=442911"}],"wp:term":[{"taxonomy":"category","embeddable":true,"href":"http:\/\/desarrollo.grupomedios.com\/futbol\/wp-json\/wp\/v2\/categories?post=442911"},{"taxonomy":"post_tag","embeddable":true,"href":"http:\/\/desarrollo.grupomedios.com\/futbol\/wp-json\/wp\/v2\/tags?post=442911"}],"curies":[{"name":"wp","href":"https:\/\/api.w.org\/{rel}","templated":true}]}}