{"id":442917,"date":"2016-11-17T10:17:43","date_gmt":"2016-11-17T16:17:43","guid":{"rendered":"https:\/\/www.futboltotal.com.mx\/?p=442917"},"modified":"2016-11-17T10:17:43","modified_gmt":"2016-11-17T16:17:43","slug":"alfredo-talavera-resalta-buena-competencia-corona-ochoa-en-tri","status":"publish","type":"post","link":"http:\/\/desarrollo.grupomedios.com\/futbol\/uncategorized\/alfredo-talavera-resalta-buena-competencia-corona-ochoa-en-tri\/2016\/11","title":{"rendered":"Talavera resalta competencia con Corona y Ochoa en el Tri"},"content":{"rendered":"<p>El portero de los <em>Diablos Rojos<\/em> del <span style=\"color: #ff0000;\"><a style=\"color: #ff0000;\" href=\"http:\/\/futboltotal.com.mx\/equipos\/toluca\/\">Toluca <\/a><\/span>y de la <span style=\"color: #ff0000;\"><a style=\"color: #ff0000;\" href=\"https:\/\/www.futboltotal.com.mx\/futbol-mexicano\/seleccion-mexicana\/\">Selecci\u00f3n Mexicana<\/a><\/span>, <strong>Alfredo Talavera<\/strong>, se mostr\u00f3 ilusionado por la competencia que tiene con el Tricolor para el Hexagonal Final de la Concacaf rumbo a Rusia 2018.<\/p>\n<p><strong>Talavera<\/strong>, quien fue titular en el partido donde M\u00e9xico venci\u00f3 a Estados Unidos en Columbus, dijo sentirse tranquilo a pesar de que no disput\u00f3 el partido donde el Tri empat\u00f3 en su visita a Panam\u00e1 ya que espera una nueva rotaci\u00f3n \u00a0de Juan Carlos Osorio junto a Guillermo Ochoa y Jos\u00e9 de Jes\u00fas Corona.<\/p>\n<p>https:\/\/twitter.com\/miseleccionmx\/status\/798932955653668864<\/p>\n<p>&#8220;Fue una oportunidad que ten\u00eda que aprovechar por la competencia, que repito, es con uno mismo. Tengo grandes arqueros ah\u00ed adelante como es <em>Chuy<\/em> y Memo pero la competencia est\u00e1 ah\u00ed&#8221;, expres\u00f3 <strong>Talavera<\/strong>.<\/p>\n<p style=\"text-align: center;\"><span style=\"color: #3366ff;\"><a style=\"color: #3366ff;\" href=\"https:\/\/www.futboltotal.com.mx\/2016\/11\/podemos-seguir-firmes-en-el-hexagonal\/\">LEER M\u00c1S: Ochoa pide darle valor a los cuatro puntos<\/a><\/span><\/p>\n<p>El guardameta de los escarlatas descart\u00f3 que las rotaciones afecten a los porteros en sus actuaciones y coment\u00f3 que se preparan para participar en todos los juegos aunque est\u00e9n o no en la cancha.<\/p>\n<p>&#8220;Al contrario. El profe dijo que no lo ley\u00e9ramos. Esto quiere decir que debemos pensar en que nos puede tocar jugar los dos partidos. Ya me toc\u00f3 jugar dos partidos seguidos. Yo estaba lo m\u00e1s concentrado en lo que se pueda venir&#8221;, expres\u00f3 <strong>Talavera<\/strong>.<\/p>\n","protected":false},"excerpt":{"rendered":"<p>Talavera se dijo seguro con la competencia en el Tri<\/p>\n","protected":false},"author":20,"featured_media":426469,"comment_status":"closed","ping_status":"closed","sticky":false,"template":"","format":"standard","meta":[],"categories":[1],"tags":[1617],"_links":{"self":[{"href":"http:\/\/desarrollo.grupomedios.com\/futbol\/wp-json\/wp\/v2\/posts\/442917"}],"collection":[{"href":"http:\/\/desarrollo.grupomedios.com\/futbol\/wp-json\/wp\/v2\/posts"}],"about":[{"href":"http:\/\/desarrollo.grupomedios.com\/futbol\/wp-json\/wp\/v2\/types\/post"}],"author":[{"embeddable":true,"href":"http:\/\/desarrollo.grupomedios.com\/futbol\/wp-json\/wp\/v2\/users\/20"}],"replies":[{"embeddable":true,"href":"http:\/\/desarrollo.grupomedios.com\/futbol\/wp-json\/wp\/v2\/comments?post=442917"}],"version-history":[{"count":0,"href":"http:\/\/desarrollo.grupomedios.com\/futbol\/wp-json\/wp\/v2\/posts\/442917\/revisions"}],"wp:featuredmedia":[{"embeddable":true,"href":"http:\/\/desarrollo.grupomedios.com\/futbol\/wp-json\/wp\/v2\/media\/426469"}],"wp:attachment":[{"href":"http:\/\/desarrollo.grupomedios.com\/futbol\/wp-json\/wp\/v2\/media?parent=442917"}],"wp:term":[{"taxonomy":"category","embeddable":true,"href":"http:\/\/desarrollo.grupomedios.com\/futbol\/wp-json\/wp\/v2\/categories?post=442917"},{"taxonomy":"post_tag","embeddable":true,"href":"http:\/\/desarrollo.grupomedios.com\/futbol\/wp-json\/wp\/v2\/tags?post=442917"}],"curies":[{"name":"wp","href":"https:\/\/api.w.org\/{rel}","templated":true}]}}