{"id":442936,"date":"2016-11-17T10:55:54","date_gmt":"2016-11-17T16:55:54","guid":{"rendered":"https:\/\/www.futboltotal.com.mx\/?p=442936"},"modified":"2016-11-17T10:55:54","modified_gmt":"2016-11-17T16:55:54","slug":"mario-balotelli-fue-ofrecido-a-club-del-nice","status":"publish","type":"post","link":"http:\/\/desarrollo.grupomedios.com\/futbol\/futbol-internacional\/mario-balotelli-fue-ofrecido-a-club-del-nice\/2016\/11","title":{"rendered":"Mario Balotelli fue ofrecido a otro club antes del Nice"},"content":{"rendered":"<p>La temporada que est\u00e1 realizando Mario <strong>Balotelli<\/strong> con el Nice ha resultado mucho mejor de lo que se esperaba, dados los antecedentes inmediatos del italiano.<\/p>\n<p><strong>Balotelli<\/strong> hab\u00eda tenido dos a\u00f1os muy pobres (con el Liverpool y el Mil\u00e1n) -que incluso lo alejaron de la selecci\u00f3n italiana- por lo que muchos cre\u00edan que no podr\u00eda recuperar su carrera.<\/p>\n<p style=\"text-align: center;\"><a href=\"https:\/\/www.futboltotal.com.mx\/2016\/11\/balotelli-quiere-volver-a-la-seleccion-italia\/\" target=\"_blank\"><span style=\"color: #3366ff;\"><strong>LEER M\u00c1S: Balotelli quiere volver a la selecci\u00f3n de Italia<\/strong><\/span><\/a><\/p>\n<p>Sin embargo, Super Mario ha sorprendido a propios y extra\u00f1os con el desempe\u00f1o que ha tenido en su campa\u00f1a debut en la Ligue 1, en la que hasta ahora acumula seis anotaciones en seis partidos disputados. <strong>Balotelli<\/strong> ha conseguido incluso ponerse de nuevo en la mira del seleccionador <em>Azzurro<\/em>, Giampiero Ventura, por lo que puede decirse que la llegada del delantero al Nice ha sido exitosa.<\/p>\n<p>Ahora, curiosamente, se ha revelado que la historia pudo ser distinta, pues quienes manejan a <strong>Balotelli<\/strong> lo intentaron llevar a otro club antes del Nice. Y a un equipo de un campeonato distinto, adem\u00e1s. Francesc Arnau, director deportivo del M\u00e1laga, revel\u00f3 en una entrevista con la Cadena COPE que el ex delantero del Manchester City fue ofrecido al cuadro <em>Boquer\u00f3n<\/em>.<\/p>\n<p style=\"text-align: center;\"><span style=\"color: #3366ff;\"><a style=\"color: #3366ff;\" href=\"https:\/\/www.futboltotal.com.mx\/2016\/11\/la-locura-mario-balotelli-promete-hacer-nice-gana-la-liga\/\" target=\"_blank\"><strong>LEER M\u00c1S:\u00a0Balotelli har\u00e1 una locura si Nice gana la liga<\/strong><\/a><\/span><\/p>\n<p>\u201cEl salario de <strong>Balotelli<\/strong> es astron\u00f3mico. Nos lo ofrecieron, pero no eran conscientes de que no lo pod\u00edamos pagar\u201d, declar\u00f3 el directivo y ex portero. De esta manera, fueron las condiciones econ\u00f3micas las que determinaron la situaci\u00f3n de Mario.<\/p>\n<p>\u201cSe fue al Nice porque han hecho un proyecto econ\u00f3micamente fuerte, con unos propietarios nuevos que han invertido. No hubo ninguna opci\u00f3n de que pudiera venir\u201d.<\/p>\n","protected":false},"excerpt":{"rendered":"<p>El director deportivo del M\u00e1laga revel\u00f3 que le ofrecieron fichar a Mario Balotelli<\/p>\n","protected":false},"author":20,"featured_media":442938,"comment_status":"closed","ping_status":"closed","sticky":false,"template":"","format":"standard","meta":[],"categories":[3839,3844,7521,5951],"tags":[2102,292,306,6002,704],"_links":{"self":[{"href":"http:\/\/desarrollo.grupomedios.com\/futbol\/wp-json\/wp\/v2\/posts\/442936"}],"collection":[{"href":"http:\/\/desarrollo.grupomedios.com\/futbol\/wp-json\/wp\/v2\/posts"}],"about":[{"href":"http:\/\/desarrollo.grupomedios.com\/futbol\/wp-json\/wp\/v2\/types\/post"}],"author":[{"embeddable":true,"href":"http:\/\/desarrollo.grupomedios.com\/futbol\/wp-json\/wp\/v2\/users\/20"}],"replies":[{"embeddable":true,"href":"http:\/\/desarrollo.grupomedios.com\/futbol\/wp-json\/wp\/v2\/comments?post=442936"}],"version-history":[{"count":0,"href":"http:\/\/desarrollo.grupomedios.com\/futbol\/wp-json\/wp\/v2\/posts\/442936\/revisions"}],"wp:featuredmedia":[{"embeddable":true,"href":"http:\/\/desarrollo.grupomedios.com\/futbol\/wp-json\/wp\/v2\/media\/442938"}],"wp:attachment":[{"href":"http:\/\/desarrollo.grupomedios.com\/futbol\/wp-json\/wp\/v2\/media?parent=442936"}],"wp:term":[{"taxonomy":"category","embeddable":true,"href":"http:\/\/desarrollo.grupomedios.com\/futbol\/wp-json\/wp\/v2\/categories?post=442936"},{"taxonomy":"post_tag","embeddable":true,"href":"http:\/\/desarrollo.grupomedios.com\/futbol\/wp-json\/wp\/v2\/tags?post=442936"}],"curies":[{"name":"wp","href":"https:\/\/api.w.org\/{rel}","templated":true}]}}