{"id":442973,"date":"2016-11-17T15:11:19","date_gmt":"2016-11-17T21:11:19","guid":{"rendered":"https:\/\/www.futboltotal.com.mx\/?p=442973"},"modified":"2016-11-17T15:14:55","modified_gmt":"2016-11-17T21:14:55","slug":"chicharito-gano-votacion-mejor-gol-latino-historia-bundesliga","status":"publish","type":"post","link":"http:\/\/desarrollo.grupomedios.com\/futbol\/uncategorized\/chicharito-gano-votacion-mejor-gol-latino-historia-bundesliga\/2016\/11","title":{"rendered":"Chicharito, &#8216;Mejor Gol Latino&#8217; en la historia de la Bundesliga"},"content":{"rendered":"<p>La aventura de Javier &#8216;Chicharito&#8217; Hern\u00e1ndez por la Bundesliga alemana sigue rindiendo frutos para el delantero mexicano, quien a base de goles suma elogios y galardones, como el del &#8216;Mejor Gol Latino&#8217; en la historia de la m\u00e1xima categor\u00eda del balompi\u00e9 teut\u00f3n.<\/p>\n<p>El ariete del Bayer Leverkusen se erigi\u00f3 como el ganador en una votaci\u00f3n realizada por la propia Bundesliga en redes sociales para que los usuarios determinaran cu\u00e1l ha sido el mejor gol marcado por un futbolista latino en esta liga.<\/p>\n<p><iframe loading=\"lazy\" src=\"https:\/\/www.youtube.com\/embed\/99aTHyzQnhs\" frameborder=\"0\" allowfullscreen=\"allowfullscreen\"><\/iframe><br \/>\n<span style=\"line-height: 1.5;\">El gol con el que el seleccionado mexicano gan\u00f3 lo hizo en la campa\u00f1a 2015-2016 ante el Wolfsburgo.<\/span><\/p>\n<p>&nbsp;<\/p>\n<blockquote class=\"twitter-tweet\" data-lang=\"es\">\n<p dir=\"ltr\" lang=\"es\">El GANADOR del Mejor Gol Latino de la historia de la <a href=\"https:\/\/twitter.com\/hashtag\/Bundesliga?src=hash\">#Bundesliga<\/a> es: \u00a1<a href=\"https:\/\/twitter.com\/CH14_\">@CH14_<\/a>! \u00a1FELICITACIONES al de <a href=\"https:\/\/twitter.com\/bayer04_es\">@bayer04_es<\/a>! <a href=\"https:\/\/t.co\/WvQqxqTAxt\">https:\/\/t.co\/WvQqxqTAxt<\/a> <a href=\"https:\/\/t.co\/r4kx9P9SKd\">pic.twitter.com\/r4kx9P9SKd<\/a><\/p>\n<p>\u2014 Bundesliga Espa\u00f1ol (@Bundesliga_ES) <a href=\"https:\/\/twitter.com\/Bundesliga_ES\/status\/799328207916797952\">17 de noviembre de 2016<\/a><\/p><\/blockquote>\n<p><script async src=\"\/\/platform.twitter.com\/widgets.js\" charset=\"utf-8\"><\/script><br \/>\n<span style=\"line-height: 1.5;\">Chicharito, en gran medida apoyado por el <\/span><span style=\"line-height: 1.5;\">importante<\/span><span style=\"line-height: 1.5;\">\u00a0grupo de fan\u00e1ticos que tiene, fue el futbolista que alcanz\u00f3 m\u00e1s votos, imponi\u00e9ndose a los otros cuatro competidores: el espa\u00f1ol Ra\u00fal Gonz\u00e1lez, el <\/span><span style=\"line-height: 1.5;\">peruano<\/span><span style=\"line-height: 1.5;\">\u00a0Claudio Pizarro, el brasile\u00f1o Grafite y el chileno Arturo Vidal.<\/span><\/p>\n<p>&nbsp;<\/p>\n<blockquote class=\"twitter-tweet\" data-lang=\"es\">\n<p dir=\"ltr\" lang=\"es\">\u00a1 candidatos, ! \u00bfCu\u00e1l ser\u00e1 elegido mejor gol latino de la historia de la <a href=\"https:\/\/twitter.com\/hashtag\/Bundesliga?src=hash\">#Bundesliga<\/a>? <a href=\"https:\/\/t.co\/R0uv93t2Hm\">https:\/\/t.co\/R0uv93t2Hm<\/a> <a href=\"https:\/\/t.co\/NkobZ9pu41\">https:\/\/t.co\/NkobZ9pu41<\/a><\/p>\n<p>\u2014 Bundesliga Espa\u00f1ol (@Bundesliga_ES) <a href=\"https:\/\/twitter.com\/Bundesliga_ES\/status\/796397384309686274\">9 de noviembre de 2016<\/a><\/p><\/blockquote>\n<p><script async src=\"\/\/platform.twitter.com\/widgets.js\" charset=\"utf-8\"><\/script><\/p>\n","protected":false},"excerpt":{"rendered":"<p>La aventura del ariete mexicano por la Bundesliga alemana sigue rindiendo frutos, quien se impuso en esta votaci\u00f3n a figuras como Ra\u00fal y Arturo Vidal.<\/p>\n","protected":false},"author":20,"featured_media":442978,"comment_status":"closed","ping_status":"closed","sticky":false,"template":"","format":"standard","meta":[],"categories":[5,3839,6822,6718,1],"tags":[4335,119,120,549],"_links":{"self":[{"href":"http:\/\/desarrollo.grupomedios.com\/futbol\/wp-json\/wp\/v2\/posts\/442973"}],"collection":[{"href":"http:\/\/desarrollo.grupomedios.com\/futbol\/wp-json\/wp\/v2\/posts"}],"about":[{"href":"http:\/\/desarrollo.grupomedios.com\/futbol\/wp-json\/wp\/v2\/types\/post"}],"author":[{"embeddable":true,"href":"http:\/\/desarrollo.grupomedios.com\/futbol\/wp-json\/wp\/v2\/users\/20"}],"replies":[{"embeddable":true,"href":"http:\/\/desarrollo.grupomedios.com\/futbol\/wp-json\/wp\/v2\/comments?post=442973"}],"version-history":[{"count":0,"href":"http:\/\/desarrollo.grupomedios.com\/futbol\/wp-json\/wp\/v2\/posts\/442973\/revisions"}],"wp:featuredmedia":[{"embeddable":true,"href":"http:\/\/desarrollo.grupomedios.com\/futbol\/wp-json\/wp\/v2\/media\/442978"}],"wp:attachment":[{"href":"http:\/\/desarrollo.grupomedios.com\/futbol\/wp-json\/wp\/v2\/media?parent=442973"}],"wp:term":[{"taxonomy":"category","embeddable":true,"href":"http:\/\/desarrollo.grupomedios.com\/futbol\/wp-json\/wp\/v2\/categories?post=442973"},{"taxonomy":"post_tag","embeddable":true,"href":"http:\/\/desarrollo.grupomedios.com\/futbol\/wp-json\/wp\/v2\/tags?post=442973"}],"curies":[{"name":"wp","href":"https:\/\/api.w.org\/{rel}","templated":true}]}}