{"id":442988,"date":"2016-11-17T16:52:49","date_gmt":"2016-11-17T22:52:49","guid":{"rendered":"https:\/\/www.futboltotal.com.mx\/?p=442988"},"modified":"2016-11-17T16:56:24","modified_gmt":"2016-11-17T22:56:24","slug":"tata-martino-reconoce-interes-del-atlanta-andres-guardado","status":"publish","type":"post","link":"http:\/\/desarrollo.grupomedios.com\/futbol\/destacado-home\/tata-martino-reconoce-interes-del-atlanta-andres-guardado\/2016\/11","title":{"rendered":"Tata Martino reconoce inter\u00e9s del Atlanta por Guardado"},"content":{"rendered":"<p>El final de <strong>Andr\u00e9s Guardado<\/strong> en el futbol europeo parece estar cada vez m\u00e1s cerca, pues luego de los rumores que pon\u00edan al jugador del PSV Eindhoven en la MLS, parece que van tomando forma, pues adem\u00e1s de la confirmaci\u00f3n del inter\u00e9s por parte del futbolista, el t\u00e9cnico Gerardo Martino tambi\u00e9n ha hablado del tema.<\/p>\n<blockquote class=\"twitter-tweet\" data-width=\"500\">\n<p lang=\"en\" dir=\"ltr\">It&#39;s here. The 1st kit. The 1st look.<a href=\"https:\/\/twitter.com\/hashtag\/ATLUTD?src=hash\">#ATLUTD<\/a> <a href=\"https:\/\/t.co\/uqBbAX0h1y\">pic.twitter.com\/uqBbAX0h1y<\/a><\/p>\n<p>&mdash; Atlanta United FC (@ATLUTD) <a href=\"https:\/\/twitter.com\/ATLUTD\/status\/798691383695511552\">November 16, 2016<\/a><\/p><\/blockquote>\n<p><script async src=\"\/\/platform.twitter.com\/widgets.js\" charset=\"utf-8\"><\/script><\/p>\n<p>El Tata, t\u00e9cnico del Atlanta United, nuevo equipo de la liga estadounidense, reconoci\u00f3 que su equipo va a hacer una oferta al club holand\u00e9s para que el mexicano pueda llegar el pr\u00f3ximo a\u00f1o con su equipo.<\/p>\n<p>&#8220;Siempre es un futbolista que estamos siguiendo muy atentamente. Yo ya lo he dicho, Andr\u00e9s es un futbolista de \u00e9lite. Siempre lo que nosotros tratamos de hacer, en conjunto con la dirigencia, es el tema del presupuesto que no es tema menor y tambi\u00e9n cu\u00e1les son las expectativas del club de acuerdo al futuro&#8221;, declar\u00f3 Martino.<\/p>\n<p style=\"text-align: center;\"><span style=\"color: #3366ff;\"><a style=\"color: #3366ff;\" href=\"https:\/\/www.futboltotal.com.mx\/2016\/11\/ferguson-y-yo-nos-tomamos-copas-de-buen-vino-tinto-wenger-del-arsenal\/\">LEER M\u00c1S: Ferguson y yo nos tomamos copas de buen vino: Wenger<\/a><\/span><\/p>\n<p>Adem\u00e1s de <strong>Guardado<\/strong>, el Tata asegur\u00f3 que el Atlanta United ir\u00e1 por otros jugadores para reforzar la plantilla y dej\u00f3 en claro que de cara al DRAFT ya tienen a varios\u00a0elementos.<\/p>\n<p>&#8220;Hay contrataciones que est\u00e1n muy avanzadas. Estamos bien preparados tanto para el Draft de diciembre como el Draft de enero. Soy muy optimista de cara al 23 de enero cuando empecemos la pretemporada&#8221;, declar\u00f3 para la p\u00e1gina <em>futbolmls<\/em>.<\/p>\n","protected":false},"excerpt":{"rendered":"<p>El final de Andr\u00e9s Guardado en el futbol europeo parece estar cada vez m\u00e1s cerca, pues luego de los rumores que pon\u00edan al jugador del PSV Eindhoven en la MLS, parece que van tomando forma, pues adem\u00e1s de la confirmaci\u00f3n del inter\u00e9s por parte del futbolista, el t\u00e9cnico Gerardo Martino tambi\u00e9n ha hablado del tema. [&hellip;]<\/p>\n","protected":false},"author":20,"featured_media":434806,"comment_status":"closed","ping_status":"closed","sticky":false,"template":"","format":"standard","meta":[],"categories":[5,3839],"tags":[6046,7610,3224],"_links":{"self":[{"href":"http:\/\/desarrollo.grupomedios.com\/futbol\/wp-json\/wp\/v2\/posts\/442988"}],"collection":[{"href":"http:\/\/desarrollo.grupomedios.com\/futbol\/wp-json\/wp\/v2\/posts"}],"about":[{"href":"http:\/\/desarrollo.grupomedios.com\/futbol\/wp-json\/wp\/v2\/types\/post"}],"author":[{"embeddable":true,"href":"http:\/\/desarrollo.grupomedios.com\/futbol\/wp-json\/wp\/v2\/users\/20"}],"replies":[{"embeddable":true,"href":"http:\/\/desarrollo.grupomedios.com\/futbol\/wp-json\/wp\/v2\/comments?post=442988"}],"version-history":[{"count":0,"href":"http:\/\/desarrollo.grupomedios.com\/futbol\/wp-json\/wp\/v2\/posts\/442988\/revisions"}],"wp:featuredmedia":[{"embeddable":true,"href":"http:\/\/desarrollo.grupomedios.com\/futbol\/wp-json\/wp\/v2\/media\/434806"}],"wp:attachment":[{"href":"http:\/\/desarrollo.grupomedios.com\/futbol\/wp-json\/wp\/v2\/media?parent=442988"}],"wp:term":[{"taxonomy":"category","embeddable":true,"href":"http:\/\/desarrollo.grupomedios.com\/futbol\/wp-json\/wp\/v2\/categories?post=442988"},{"taxonomy":"post_tag","embeddable":true,"href":"http:\/\/desarrollo.grupomedios.com\/futbol\/wp-json\/wp\/v2\/tags?post=442988"}],"curies":[{"name":"wp","href":"https:\/\/api.w.org\/{rel}","templated":true}]}}