{"id":442998,"date":"2016-11-17T17:48:08","date_gmt":"2016-11-17T23:48:08","guid":{"rendered":"https:\/\/www.futboltotal.com.mx\/?p=442998"},"modified":"2016-11-17T17:58:42","modified_gmt":"2016-11-17T23:58:42","slug":"colocan-a-rodolfo-cota-en-la-serie-a","status":"publish","type":"post","link":"http:\/\/desarrollo.grupomedios.com\/futbol\/destacado-home\/colocan-a-rodolfo-cota-en-la-serie-a\/2016\/11","title":{"rendered":"Colocan a Rodolfo Cota en la Serie A"},"content":{"rendered":"<p>El portero de <a href=\"http:\/\/www.futboltotal.com.mx\/equipos\/guadalajara\/\" target=\"_blank\">Chivas<\/a>, <strong>Rodolfo Cota<\/strong> ha sido ubicado recientemente como posible refuerzo del Palermo de la Serie A, esto debido a rumores surgidos en los medios de comunicaci\u00f3n mexicanos, que dan por hecho que el cancerbero tiene posibilidades de salir del pa\u00eds.<\/p>\n<p><strong>Rodolfo Cota<\/strong> pertenece al <a href=\"http:\/\/www.futboltotal.com.mx\/equipos\/pachuca\/\" target=\"_blank\">Pachuca<\/a> pero est\u00e1 a pr\u00e9stamo con <strong>Chivas<\/strong>, por eso su salida podr\u00eda beneficiar a Antonio Rodr\u00edguez, quien pide a gritos sumar minutos en la Liga MX; sin embargo, la prensa mexicana es la \u00fanica convencida de que el cancerbero dejar\u00eda al <em>Reba\u00f1o<\/em> para ir a la Serie A, ya que s\u00f3lo un medio italiano habla de esa posibilidad.<\/p>\n<p style=\"text-align: center;\"><span style=\"color: #3366ff;\"><a style=\"color: #3366ff;\" href=\"https:\/\/www.futboltotal.com.mx\/2016\/11\/necesitamos-psicologo-en-cruz-azul-corona\/\" target=\"_blank\"><strong>LEER M\u00c1S: Necesitamos &#8216;psic\u00f3logo&#8217; en Cruz Azul: Corona<\/strong><\/a><\/span><\/p>\n<p style=\"text-align: center;\"><a href=\"https:\/\/www.futboltotal.com.mx\/wp-content\/uploads\/2016\/11\/cota-palermo.jpg\"><img decoding=\"async\" loading=\"lazy\" class=\"alignnone size-full wp-image-443001\" src=\"https:\/\/www.futboltotal.com.mx\/wp-content\/uploads\/2016\/11\/cota-palermo.jpg\" alt=\"cota-palermo\" srcset=\"http:\/\/desarrollo.grupomedios.com\/futbol\/wp-content\/uploads\/2016\/11\/cota-palermo.jpg 858w, http:\/\/desarrollo.grupomedios.com\/futbol\/wp-content\/uploads\/2016\/11\/cota-palermo-300x151.jpg 300w, http:\/\/desarrollo.grupomedios.com\/futbol\/wp-content\/uploads\/2016\/11\/cota-palermo-768x386.jpg 768w, http:\/\/desarrollo.grupomedios.com\/futbol\/wp-content\/uploads\/2016\/11\/cota-palermo-340x171.jpg 340w\" sizes=\"(max-width: 858px) 100vw, 858px\" \/><\/a><\/p>\n<p><em>Mediagol<\/em> retom\u00f3 la informaci\u00f3n sobre <strong>Rodolfo Cota<\/strong>; sin embargo, aclara que es un rumor originado en suelo mexicano, pues no hay informaci\u00f3n oficial hasta el momento, o alguna fuente que confirme que en el Calcio hay inter\u00e9s.<\/p>\n<p><a href=\"https:\/\/www.futboltotal.com.mx\/wp-content\/uploads\/2016\/11\/cota-palermo-1.jpg\"><img decoding=\"async\" loading=\"lazy\" class=\"alignnone size-full wp-image-443002\" src=\"https:\/\/www.futboltotal.com.mx\/wp-content\/uploads\/2016\/11\/cota-palermo-1.jpg\" alt=\"cota-palermo-1\" srcset=\"http:\/\/desarrollo.grupomedios.com\/futbol\/wp-content\/uploads\/2016\/11\/cota-palermo-1.jpg 858w, http:\/\/desarrollo.grupomedios.com\/futbol\/wp-content\/uploads\/2016\/11\/cota-palermo-1-300x151.jpg 300w, http:\/\/desarrollo.grupomedios.com\/futbol\/wp-content\/uploads\/2016\/11\/cota-palermo-1-768x386.jpg 768w, http:\/\/desarrollo.grupomedios.com\/futbol\/wp-content\/uploads\/2016\/11\/cota-palermo-1-340x171.jpg 340w\" sizes=\"(max-width: 858px) 100vw, 858px\" \/><\/a><\/p>\n<p><strong>S\u00edguenos en Twitter<\/strong>: <a href=\"https:\/\/twitter.com\/MXFutbolTotal\" target=\"_blank\">@MXFutbolTotal<\/a><\/p>\n","protected":false},"excerpt":{"rendered":"<p>Palermo estar\u00eda interesado en los servicios del cancerbero<\/p>\n","protected":false},"author":20,"featured_media":443003,"comment_status":"closed","ping_status":"closed","sticky":false,"template":"","format":"standard","meta":[],"categories":[5,2198,3845],"tags":[70,5968,6920],"_links":{"self":[{"href":"http:\/\/desarrollo.grupomedios.com\/futbol\/wp-json\/wp\/v2\/posts\/442998"}],"collection":[{"href":"http:\/\/desarrollo.grupomedios.com\/futbol\/wp-json\/wp\/v2\/posts"}],"about":[{"href":"http:\/\/desarrollo.grupomedios.com\/futbol\/wp-json\/wp\/v2\/types\/post"}],"author":[{"embeddable":true,"href":"http:\/\/desarrollo.grupomedios.com\/futbol\/wp-json\/wp\/v2\/users\/20"}],"replies":[{"embeddable":true,"href":"http:\/\/desarrollo.grupomedios.com\/futbol\/wp-json\/wp\/v2\/comments?post=442998"}],"version-history":[{"count":0,"href":"http:\/\/desarrollo.grupomedios.com\/futbol\/wp-json\/wp\/v2\/posts\/442998\/revisions"}],"wp:featuredmedia":[{"embeddable":true,"href":"http:\/\/desarrollo.grupomedios.com\/futbol\/wp-json\/wp\/v2\/media\/443003"}],"wp:attachment":[{"href":"http:\/\/desarrollo.grupomedios.com\/futbol\/wp-json\/wp\/v2\/media?parent=442998"}],"wp:term":[{"taxonomy":"category","embeddable":true,"href":"http:\/\/desarrollo.grupomedios.com\/futbol\/wp-json\/wp\/v2\/categories?post=442998"},{"taxonomy":"post_tag","embeddable":true,"href":"http:\/\/desarrollo.grupomedios.com\/futbol\/wp-json\/wp\/v2\/tags?post=442998"}],"curies":[{"name":"wp","href":"https:\/\/api.w.org\/{rel}","templated":true}]}}