{"id":443063,"date":"2016-11-18T09:40:31","date_gmt":"2016-11-18T15:40:31","guid":{"rendered":"https:\/\/www.futboltotal.com.mx\/?p=443063"},"modified":"2016-11-18T09:40:31","modified_gmt":"2016-11-18T15:40:31","slug":"sampaoli-lamenta-paron-fechas-fifa","status":"publish","type":"post","link":"http:\/\/desarrollo.grupomedios.com\/futbol\/futbol-internacional\/sampaoli-lamenta-paron-fechas-fifa\/2016\/11","title":{"rendered":"Sampaoli lamenta el par\u00f3n por fechas FIFA"},"content":{"rendered":"<p>El entrenador del Sevilla, el argentino Jorge Sampaoli, ha lamentado que las &#8220;fechas FIFA generan poco tiempo para trabajar&#8221; y ahora est\u00e1 &#8220;evaluando situaciones para saber qui\u00e9n puede jugar&#8221; este s\u00e1bado ante el Deportivo en la liga espa\u00f1ola, pues cinco de sus jugadores se han reincorporado tarde tras jugar con sus selecciones.<\/p>\n<blockquote class=\"twitter-tweet\" data-width=\"500\">\n<p lang=\"es\" dir=\"ltr\">Sampaoli: &quot;Si no ponemos la mirada en el D\u00e9por, lo vamos a pasar mal&quot; <a href=\"https:\/\/twitter.com\/hashtag\/D%C3%A9porSevillaFC?src=hash\">#D\u00e9porSevillaFC<\/a> <a href=\"https:\/\/t.co\/8k62KccXkO\">https:\/\/t.co\/8k62KccXkO<\/a> <a href=\"https:\/\/t.co\/CK4kMCClLY\">pic.twitter.com\/CK4kMCClLY<\/a><\/p>\n<p>&mdash; Sevilla F\u00fatbol Club (@SevillaFC) <a href=\"https:\/\/twitter.com\/SevillaFC\/status\/799630456995971072\">November 18, 2016<\/a><\/p><\/blockquote>\n<p><script async src=\"\/\/platform.twitter.com\/widgets.js\" charset=\"utf-8\"><\/script><\/p>\n<p>En rueda de prensa, Sampaoli ha descartado pr\u00e1cticamente al centrocampista franc\u00e9s Samir Nasri, quien &#8220;evoluciona bien&#8221; de su dolencia muscular, aunque precis\u00f3 que est\u00e1n &#8220;esperando&#8221; a ver &#8220;su evoluci\u00f3n para que llegue a la cita de la &#8216;Juve'&#8221; el pr\u00f3ximo martes, si bien antes prefiere &#8220;estar centrado en un partido ante un rival necesitado&#8221;.<\/p>\n<p>&#8220;Tenemos la obligaci\u00f3n de pensar en el Deportivo y en el martes. El partido de ma\u00f1ana es importante para mantenernos en puestos de objetivo. Es fundamental estar cerca de la punta y pelear con los de arriba&#8221;, ha destacado el argentino antes de dirigir esta tarde un \u00faltimo entrenamiento.<\/p>\n<p style=\"text-align: center;\"><span style=\"color: #3366ff;\"><a style=\"color: #3366ff;\" href=\"https:\/\/www.futboltotal.com.mx\/2016\/11\/en-vivo-veracruz-vs-xolos-liga-mx-2\/\">LEER M\u00c1S: PREVIO |\u00a0Veracruz vs Xolos | Liga MX<\/a><\/span><\/p>\n<p>El exseleccionador chileno ha advertido de que &#8220;en estos pr\u00f3ximos partidos se van a decidir muchas cosas&#8221;, por lo que sus futbolistas deber\u00e1n afrontarlos &#8220;muy bien preparados porque la exigencia y la autoexigencia van a ser grandes&#8221;.<\/p>\n<p>Sampaoli ha admitido que su opini\u00f3n sobre los refuerzos en el mercado invernal, &#8220;como todas las cosas, se modifican a trav\u00e9s del tiempo&#8221;, pero ha asegurado que &#8220;el club trabaja mirando jugadores para mejorar el plantel en enero&#8221;. EFE<\/p>\n","protected":false},"excerpt":{"rendered":"<p>&#8220;Las fechas FIFA generan poco tiempo para trabajar&#8221;, dijo el argentino<\/p>\n","protected":false},"author":144,"featured_media":408751,"comment_status":"closed","ping_status":"closed","sticky":false,"template":"","format":"standard","meta":[],"categories":[3839],"tags":[1913,49],"_links":{"self":[{"href":"http:\/\/desarrollo.grupomedios.com\/futbol\/wp-json\/wp\/v2\/posts\/443063"}],"collection":[{"href":"http:\/\/desarrollo.grupomedios.com\/futbol\/wp-json\/wp\/v2\/posts"}],"about":[{"href":"http:\/\/desarrollo.grupomedios.com\/futbol\/wp-json\/wp\/v2\/types\/post"}],"author":[{"embeddable":true,"href":"http:\/\/desarrollo.grupomedios.com\/futbol\/wp-json\/wp\/v2\/users\/144"}],"replies":[{"embeddable":true,"href":"http:\/\/desarrollo.grupomedios.com\/futbol\/wp-json\/wp\/v2\/comments?post=443063"}],"version-history":[{"count":0,"href":"http:\/\/desarrollo.grupomedios.com\/futbol\/wp-json\/wp\/v2\/posts\/443063\/revisions"}],"wp:featuredmedia":[{"embeddable":true,"href":"http:\/\/desarrollo.grupomedios.com\/futbol\/wp-json\/wp\/v2\/media\/408751"}],"wp:attachment":[{"href":"http:\/\/desarrollo.grupomedios.com\/futbol\/wp-json\/wp\/v2\/media?parent=443063"}],"wp:term":[{"taxonomy":"category","embeddable":true,"href":"http:\/\/desarrollo.grupomedios.com\/futbol\/wp-json\/wp\/v2\/categories?post=443063"},{"taxonomy":"post_tag","embeddable":true,"href":"http:\/\/desarrollo.grupomedios.com\/futbol\/wp-json\/wp\/v2\/tags?post=443063"}],"curies":[{"name":"wp","href":"https:\/\/api.w.org\/{rel}","templated":true}]}}