{"id":443065,"date":"2016-11-18T09:46:14","date_gmt":"2016-11-18T15:46:14","guid":{"rendered":"https:\/\/www.futboltotal.com.mx\/?p=443065"},"modified":"2016-11-18T09:46:14","modified_gmt":"2016-11-18T15:46:14","slug":"infantino-propone-mundial-clubes-32-participantes","status":"publish","type":"post","link":"http:\/\/desarrollo.grupomedios.com\/futbol\/futbol-internacional\/infantino-propone-mundial-clubes-32-participantes\/2016\/11","title":{"rendered":"Infantino propone un Mundial de Clubes con 32 participantes"},"content":{"rendered":"<p>Hasta ahora, el Mundial de Clubes ha sido un torneo que no ha tenido la aceptaci\u00f3n a nivel global que a la FIFA le gustar\u00eda. Ahora, sin embargo, podr\u00eda estar en v\u00edas de sufrir un cambio que lo convertir\u00eda en una justa mucho m\u00e1s atractiva.<\/p>\n<p>De acuerdo con informaci\u00f3n que recoge AP, el presidente del organismo rector del futbol mundial, Gianni Infantino, declar\u00f3 en una entrevista con La Gazzetta dello Sport que est\u00e1 considerando hacer cambios dr\u00e1sticos al Mundial de Clubes.<\/p>\n<p>Infantino dijo en la charla con el diario italiano que el formato actual del Mundial de Clubes \u201ctiene una f\u00f3rmula complicada, un periodo dif\u00edcil, no muy emocionante\u201d.<\/p>\n<p style=\"text-align: center;\"><a href=\"https:\/\/www.futboltotal.com.mx\/2016\/07\/fifa-presenta-calendario-del-mundial-clubes\/\" target=\"_blank\"><span style=\"color: #3366ff;\"><strong>LEER M\u00c1S: FIFA presenta calendario del Mundial de Clubes<\/strong><\/span><\/a><\/p>\n<p>Por ello, el jefe de la FIFA piensa en reformas sustanciales, como aumentar el n\u00famero de participantes hasta 32 clubes y cambiar las fechas en las que se disputa.<\/p>\n<p>En lugar de que se juegue en el \u00faltimo mes del a\u00f1o, Infantino habl\u00f3 de la posibilidad de que se disputara en las \u00faltimas tres semanas de junio, algo que, de acuerdo con \u00e9l, ser\u00eda m\u00e1s balanceado y resultar\u00eda m\u00e1s atractivo para empresas transmisoras y patrocinadores.<\/p>\n<p style=\"text-align: center;\"><a href=\"https:\/\/www.futboltotal.com.mx\/2016\/10\/infantino-revela-proyecto-fifa-2-0\/\" target=\"_blank\"><span style=\"color: #3366ff;\"><strong>LEER M\u00c1S: Infantino revela proyecto FIFA 2.0<\/strong><\/span><\/a><\/p>\n<p>El directivo suizo acept\u00f3 adem\u00e1s la posibilidad de que los cambios que sugiere podr\u00edan entrar en vigor para la edici\u00f3n de 2019.<\/p>\n<p>Hasta ahora, el Mundial de Clubes enfrenta a los campeones de cada una de las confederaciones afiliadas a la FIFA y algunos equipos invitados, como un club del pa\u00eds anfitri\u00f3n. La pr\u00f3xima edici\u00f3n se jugar\u00e1 en Jap\u00f3n entre el 8 y el 18 de diciembre.<\/p>\n","protected":false},"excerpt":{"rendered":"<p>Para 2019, el Mundial de Clubes podr\u00eda cambiar de manera dr\u00e1stica, de acuerdo con declaraciones realizadas por Gianni Infantino<\/p>\n","protected":false},"author":20,"featured_media":443067,"comment_status":"closed","ping_status":"closed","sticky":false,"template":"","format":"standard","meta":[],"categories":[7573,3839,5951],"tags":[361,415,7435],"_links":{"self":[{"href":"http:\/\/desarrollo.grupomedios.com\/futbol\/wp-json\/wp\/v2\/posts\/443065"}],"collection":[{"href":"http:\/\/desarrollo.grupomedios.com\/futbol\/wp-json\/wp\/v2\/posts"}],"about":[{"href":"http:\/\/desarrollo.grupomedios.com\/futbol\/wp-json\/wp\/v2\/types\/post"}],"author":[{"embeddable":true,"href":"http:\/\/desarrollo.grupomedios.com\/futbol\/wp-json\/wp\/v2\/users\/20"}],"replies":[{"embeddable":true,"href":"http:\/\/desarrollo.grupomedios.com\/futbol\/wp-json\/wp\/v2\/comments?post=443065"}],"version-history":[{"count":0,"href":"http:\/\/desarrollo.grupomedios.com\/futbol\/wp-json\/wp\/v2\/posts\/443065\/revisions"}],"wp:featuredmedia":[{"embeddable":true,"href":"http:\/\/desarrollo.grupomedios.com\/futbol\/wp-json\/wp\/v2\/media\/443067"}],"wp:attachment":[{"href":"http:\/\/desarrollo.grupomedios.com\/futbol\/wp-json\/wp\/v2\/media?parent=443065"}],"wp:term":[{"taxonomy":"category","embeddable":true,"href":"http:\/\/desarrollo.grupomedios.com\/futbol\/wp-json\/wp\/v2\/categories?post=443065"},{"taxonomy":"post_tag","embeddable":true,"href":"http:\/\/desarrollo.grupomedios.com\/futbol\/wp-json\/wp\/v2\/tags?post=443065"}],"curies":[{"name":"wp","href":"https:\/\/api.w.org\/{rel}","templated":true}]}}