{"id":443069,"date":"2016-11-18T09:57:44","date_gmt":"2016-11-18T15:57:44","guid":{"rendered":"https:\/\/www.futboltotal.com.mx\/?p=443069"},"modified":"2016-11-18T11:56:36","modified_gmt":"2016-11-18T17:56:36","slug":"santos-demando-a-boca-juniors-caso-marchesin","status":"publish","type":"post","link":"http:\/\/desarrollo.grupomedios.com\/futbol\/destacado-home\/santos-demando-a-boca-juniors-caso-marchesin\/2016\/11","title":{"rendered":"Santos demand\u00f3 a Boca Juniors por caso Marches\u00edn"},"content":{"rendered":"<p>Luego de que el pasado agosto, durante el mercado de transferencias, el club argentino Boca Juniors intentara hacerse de los servicios del portero de Santos, <strong>Agust\u00edn Marches\u00edn<\/strong>, el club lagunero se encarg\u00f3 de demandar al conjunto <em>Xeneize<\/em>.<\/p>\n<p>https:\/\/twitter.com\/ClubSantos\/status\/799628033476861952<\/p>\n<p>Quien confirm\u00f3 la noticia fue el Presidente de Santos, Alejandro Irarragorri, en una entrevista para el programa de Radio Gol de Vestuario y dej\u00f3 en claro que su equipo puso un reclamo ante FIFA por la insistencia de Boca por fichar a su jugador.<\/p>\n<p>\u201cTenemos una demanda interpuesta a FIFA por el manejo tan poco profesional que ellos realizaron, la desestabilizaci\u00f3n de un contrato por un jugador. Hoy nosotros no estamos pensando en movimientos\u201d, declar\u00f3 el directivo.<\/p>\n<p style=\"text-align: center;\"><span style=\"color: #3366ff;\"><a style=\"color: #3366ff;\" href=\"https:\/\/www.futboltotal.com.mx\/2016\/11\/copa-17-la-nueva-joya-adidas\/\">LEER M\u00c1S: Copa 17, la nueva joya de adidas<\/a><\/span><\/p>\n<p>A pesar de que hace unos meses la negativa de la salida de <strong>Marches\u00edn<\/strong> fue total, seg\u00fan medios argentinos Boca ir\u00eda de nueva cuenta por Marches\u00edn para el primer semestre de 2017.<\/p>\n<p>El problema que se dio en el pasado mercado, fue que el club argentino quiso negociar directamente con el portero argentino y cuestion\u00f3 a Santos hasta el final para saber la posibilidad de la venta de Marches\u00edn, por lo que el club lagunero se molest\u00f3.<\/p>\n","protected":false},"excerpt":{"rendered":"<p>Boca Juniors intent\u00f3 negociar la transferencia del portero argentino<\/p>\n","protected":false},"author":20,"featured_media":411934,"comment_status":"closed","ping_status":"closed","sticky":false,"template":"","format":"standard","meta":[],"categories":[5,2198,3845],"tags":[6118,5972],"_links":{"self":[{"href":"http:\/\/desarrollo.grupomedios.com\/futbol\/wp-json\/wp\/v2\/posts\/443069"}],"collection":[{"href":"http:\/\/desarrollo.grupomedios.com\/futbol\/wp-json\/wp\/v2\/posts"}],"about":[{"href":"http:\/\/desarrollo.grupomedios.com\/futbol\/wp-json\/wp\/v2\/types\/post"}],"author":[{"embeddable":true,"href":"http:\/\/desarrollo.grupomedios.com\/futbol\/wp-json\/wp\/v2\/users\/20"}],"replies":[{"embeddable":true,"href":"http:\/\/desarrollo.grupomedios.com\/futbol\/wp-json\/wp\/v2\/comments?post=443069"}],"version-history":[{"count":0,"href":"http:\/\/desarrollo.grupomedios.com\/futbol\/wp-json\/wp\/v2\/posts\/443069\/revisions"}],"wp:featuredmedia":[{"embeddable":true,"href":"http:\/\/desarrollo.grupomedios.com\/futbol\/wp-json\/wp\/v2\/media\/411934"}],"wp:attachment":[{"href":"http:\/\/desarrollo.grupomedios.com\/futbol\/wp-json\/wp\/v2\/media?parent=443069"}],"wp:term":[{"taxonomy":"category","embeddable":true,"href":"http:\/\/desarrollo.grupomedios.com\/futbol\/wp-json\/wp\/v2\/categories?post=443069"},{"taxonomy":"post_tag","embeddable":true,"href":"http:\/\/desarrollo.grupomedios.com\/futbol\/wp-json\/wp\/v2\/tags?post=443069"}],"curies":[{"name":"wp","href":"https:\/\/api.w.org\/{rel}","templated":true}]}}