{"id":443100,"date":"2016-11-18T12:24:31","date_gmt":"2016-11-18T18:24:31","guid":{"rendered":"https:\/\/www.futboltotal.com.mx\/?p=443100"},"modified":"2016-11-18T12:24:31","modified_gmt":"2016-11-18T18:24:31","slug":"schweinsteiger-se-aferra-al-united","status":"publish","type":"post","link":"http:\/\/desarrollo.grupomedios.com\/futbol\/futbol-internacional\/schweinsteiger-se-aferra-al-united\/2016\/11","title":{"rendered":"Schweini se aferra a jugar en el Manchester United"},"content":{"rendered":"<p>El mediocampista alem\u00e1n Bastian Schweinsteiger asegura que desea analizar su contrato con el Manchester United, en medio de las especulaciones sobre su posible traspaso a alg\u00fan equipo de la MLS.<\/p>\n<p>&#8220;Tengo contrato con el Manchester United hasta 2018 y mi objetivo es jugar con el equipo&#8221;, asegur\u00f3 el campe\u00f3n del mundo en Brasil 2014, en palabras para Sky Alemania mientras acudi\u00f3 a una ceremonia en Berl\u00edn.<\/p>\n<p style=\"text-align: center;\"><a href=\"https:\/\/www.futboltotal.com.mx\/2016\/11\/mou-a-wenger-gane-la-premier-18-meses-18-anos\/\"><span style=\"color: #3366ff;\">LEER M\u00c1S: Mou a Wenger: \u201cGan\u00e9 la Premier hace 18 meses, no hace 18 a\u00f1os\u201d<\/span><\/a><\/p>\n<p>El excapit\u00e1n de la selecci\u00f3n de alemania, que en julio de 2015 fue transferido al equipo residente en Old Trafford, no figura en los planes del t\u00e9cnico de los Red Devils, Jos\u00e9 Mourinho, para esta temporada.<\/p>\n<p>Schweinsteiger, que disput\u00f3 31 partidos durante el ciclo anterior, regres\u00f3 a los entrenamientos con el primer equipo del Manchester United, aunque no fue considerado para integrar la plantilla que en la actualidad disputa la Europa League 2016-17.<\/p>\n<p style=\"text-align: center;\"><a href=\"https:\/\/www.futboltotal.com.mx\/2016\/11\/simeone-rompio-la-hegemonia-del-madrid-ante-atletico\/\"><span style=\"color: #3366ff;\">LEER M\u00c1S: Simeone rompi\u00f3 la hegemon\u00eda del Madrid ante el Atl\u00e9tico<\/span><\/a><\/p>\n<p>Debido a que no es considerado en el primer equipo, <em>Schweini<\/em> ha sonado para irse al Chicago Fire de la MLS, pero el volante alem\u00e1n ha dicho que se mantiene en los entrenamientos del primer equipo del Manchester United con la esperanza de entrar en los planes de Jos\u00e9 Mourinho.<\/p>\n","protected":false},"excerpt":{"rendered":"<p>En la Premier League 2015-16 solo jug\u00f3 en 18 partidos con Louis van Gaal como t\u00e9cnico.<\/p>\n","protected":false},"author":127,"featured_media":443106,"comment_status":"closed","ping_status":"closed","sticky":false,"template":"","format":"standard","meta":[],"categories":[3839,3846],"tags":[5746,345,43,195],"_links":{"self":[{"href":"http:\/\/desarrollo.grupomedios.com\/futbol\/wp-json\/wp\/v2\/posts\/443100"}],"collection":[{"href":"http:\/\/desarrollo.grupomedios.com\/futbol\/wp-json\/wp\/v2\/posts"}],"about":[{"href":"http:\/\/desarrollo.grupomedios.com\/futbol\/wp-json\/wp\/v2\/types\/post"}],"author":[{"embeddable":true,"href":"http:\/\/desarrollo.grupomedios.com\/futbol\/wp-json\/wp\/v2\/users\/127"}],"replies":[{"embeddable":true,"href":"http:\/\/desarrollo.grupomedios.com\/futbol\/wp-json\/wp\/v2\/comments?post=443100"}],"version-history":[{"count":0,"href":"http:\/\/desarrollo.grupomedios.com\/futbol\/wp-json\/wp\/v2\/posts\/443100\/revisions"}],"wp:featuredmedia":[{"embeddable":true,"href":"http:\/\/desarrollo.grupomedios.com\/futbol\/wp-json\/wp\/v2\/media\/443106"}],"wp:attachment":[{"href":"http:\/\/desarrollo.grupomedios.com\/futbol\/wp-json\/wp\/v2\/media?parent=443100"}],"wp:term":[{"taxonomy":"category","embeddable":true,"href":"http:\/\/desarrollo.grupomedios.com\/futbol\/wp-json\/wp\/v2\/categories?post=443100"},{"taxonomy":"post_tag","embeddable":true,"href":"http:\/\/desarrollo.grupomedios.com\/futbol\/wp-json\/wp\/v2\/tags?post=443100"}],"curies":[{"name":"wp","href":"https:\/\/api.w.org\/{rel}","templated":true}]}}