{"id":443104,"date":"2016-11-18T12:39:01","date_gmt":"2016-11-18T18:39:01","guid":{"rendered":"https:\/\/www.futboltotal.com.mx\/?p=443104"},"modified":"2016-11-18T16:06:23","modified_gmt":"2016-11-18T22:06:23","slug":"tecnico-eibar-evacuado-conferencia-alerta-virus","status":"publish","type":"post","link":"http:\/\/desarrollo.grupomedios.com\/futbol\/futbol-internacional\/tecnico-eibar-evacuado-conferencia-alerta-virus\/2016\/11","title":{"rendered":"T\u00e9cnico del Eibar, evacuado de conferencia por alerta de virus"},"content":{"rendered":"<p>Las campa\u00f1as publicitarias en la actualidad pueden llevarnos a ver todo tipo de cosas, incluso hacernos creer que un entrenador tenga que ser evacuado en plena conferencia de prensa ante el riesgo de un virus, tal y como pas\u00f3 en la sala de prensa del club espa\u00f1ol <strong>Eibar<\/strong>\u00a0de la Liga espa\u00f1ola.<\/p>\n<p>Esto fue lo que &#8216;vivi\u00f3&#8217; el t\u00e9cnico espa\u00f1ol Jos\u00e9 Luis Mendilibar, t\u00e9cnico del conjunto &#8216;Armero&#8217;, quien fue evacuado en plena conferencia ante medios de comunicaci\u00f3n por un grupo de hombres que aparecieron por sorpresa anunciando que se estaba extendiendo un curioso virus, llamado <strong>SD Eibar<\/strong>.<\/p>\n<p>El mismo estratega pareci\u00f3 estar al tanto de que esto suceder\u00eda, pues reaccion\u00f3 con una sonrisa forzada y sigui\u00f3 las indicaciones del personal &#8216;m\u00e9dico&#8217;, que le coloc\u00f3 una mascarilla para luego de dar su mensaje al micr\u00f3fono llevarse a Mendilibar.<\/p>\n<p>No dejes de ver este momento tan <em>sui g\u00e9neris<\/em> al final del video.<\/p>\n<p><iframe loading=\"lazy\" src=\"https:\/\/www.youtube.com\/embed\/t-EozmxVABo\" frameborder=\"0\" allowfullscreen=\"allowfullscreen\"><\/iframe><\/p>\n","protected":false},"excerpt":{"rendered":"<p>Mendilibar en plena conferencia de prensa fue v\u00edctima de un curioso virus llamado SD Eibar.<\/p>\n","protected":false},"author":20,"featured_media":443112,"comment_status":"closed","ping_status":"closed","sticky":false,"template":"","format":"standard","meta":[],"categories":[3839,3844,5951],"tags":[7614],"_links":{"self":[{"href":"http:\/\/desarrollo.grupomedios.com\/futbol\/wp-json\/wp\/v2\/posts\/443104"}],"collection":[{"href":"http:\/\/desarrollo.grupomedios.com\/futbol\/wp-json\/wp\/v2\/posts"}],"about":[{"href":"http:\/\/desarrollo.grupomedios.com\/futbol\/wp-json\/wp\/v2\/types\/post"}],"author":[{"embeddable":true,"href":"http:\/\/desarrollo.grupomedios.com\/futbol\/wp-json\/wp\/v2\/users\/20"}],"replies":[{"embeddable":true,"href":"http:\/\/desarrollo.grupomedios.com\/futbol\/wp-json\/wp\/v2\/comments?post=443104"}],"version-history":[{"count":0,"href":"http:\/\/desarrollo.grupomedios.com\/futbol\/wp-json\/wp\/v2\/posts\/443104\/revisions"}],"wp:featuredmedia":[{"embeddable":true,"href":"http:\/\/desarrollo.grupomedios.com\/futbol\/wp-json\/wp\/v2\/media\/443112"}],"wp:attachment":[{"href":"http:\/\/desarrollo.grupomedios.com\/futbol\/wp-json\/wp\/v2\/media?parent=443104"}],"wp:term":[{"taxonomy":"category","embeddable":true,"href":"http:\/\/desarrollo.grupomedios.com\/futbol\/wp-json\/wp\/v2\/categories?post=443104"},{"taxonomy":"post_tag","embeddable":true,"href":"http:\/\/desarrollo.grupomedios.com\/futbol\/wp-json\/wp\/v2\/tags?post=443104"}],"curies":[{"name":"wp","href":"https:\/\/api.w.org\/{rel}","templated":true}]}}