{"id":443107,"date":"2016-11-18T12:35:49","date_gmt":"2016-11-18T18:35:49","guid":{"rendered":"https:\/\/www.futboltotal.com.mx\/?p=443107"},"modified":"2016-11-18T12:35:49","modified_gmt":"2016-11-18T18:35:49","slug":"la-historia-maribel-dominguez","status":"publish","type":"post","link":"http:\/\/desarrollo.grupomedios.com\/futbol\/videos\/la-historia-maribel-dominguez\/2016\/11","title":{"rendered":"La historia de&#8230; Maribel Dom\u00ednguez"},"content":{"rendered":"<p>Este viernes 18 de noviembre, la m\u00e1xima goleadora de la Selecci\u00f3n Mexicana Femenil, <strong>Maribel Dom\u00ednguez<\/strong>, celebra sus 38 a\u00f1os de vida.<\/p>\n<p>Oriunda de Chalco, Estado de M\u00e9xico, desde ni\u00f1a <strong>Maribel<\/strong> siempre destac\u00f3 por su buena forma de jugar y su gusto por el futbol, aunque era dif\u00edcil su situaci\u00f3n ya que no encontraba muchos equipos femeniles.<\/p>\n<p>Pero <strong>Maribel<\/strong> no dej\u00f3 de luchar por sus sue\u00f1os y lleg\u00f3 a convertirse en el personaje que todos conocemos, por ello, en <strong>Futbol Total<\/strong> festejamos el cumplea\u00f1os de una de las m\u00e1ximas exponentes del futbol femenil en M\u00e9xico.<\/p>\n<p style=\"text-align: center;\"><span style=\"color: #3366ff;\"><a style=\"color: #3366ff;\" href=\"https:\/\/www.futboltotal.com.mx\/2016\/11\/llaman-vendido-a-diego-reyes-apoyar-a-hawkers\/\">LEER M\u00c1S: Llaman \u201cvendido\u201d a Diego Reyes por apoyar a Hawkers<\/a><\/span><\/p>\n<p>[video_player]https:\/\/player.vimeo.com\/external\/192160380.hd.mp4?s=059c24fbabb6aced031364ce6a395f5db097c310&amp;profile_id=174<br \/>\n[\/video_player]<\/p>\n","protected":false},"excerpt":{"rendered":"<p>Maribel se convirti\u00f3 en una exponente del futbol femenil en M\u00e9xico<\/p>\n","protected":false},"author":20,"featured_media":443109,"comment_status":"closed","ping_status":"closed","sticky":false,"template":"","format":"standard","meta":[],"categories":[2198,3847,4],"tags":[2111],"_links":{"self":[{"href":"http:\/\/desarrollo.grupomedios.com\/futbol\/wp-json\/wp\/v2\/posts\/443107"}],"collection":[{"href":"http:\/\/desarrollo.grupomedios.com\/futbol\/wp-json\/wp\/v2\/posts"}],"about":[{"href":"http:\/\/desarrollo.grupomedios.com\/futbol\/wp-json\/wp\/v2\/types\/post"}],"author":[{"embeddable":true,"href":"http:\/\/desarrollo.grupomedios.com\/futbol\/wp-json\/wp\/v2\/users\/20"}],"replies":[{"embeddable":true,"href":"http:\/\/desarrollo.grupomedios.com\/futbol\/wp-json\/wp\/v2\/comments?post=443107"}],"version-history":[{"count":0,"href":"http:\/\/desarrollo.grupomedios.com\/futbol\/wp-json\/wp\/v2\/posts\/443107\/revisions"}],"wp:featuredmedia":[{"embeddable":true,"href":"http:\/\/desarrollo.grupomedios.com\/futbol\/wp-json\/wp\/v2\/media\/443109"}],"wp:attachment":[{"href":"http:\/\/desarrollo.grupomedios.com\/futbol\/wp-json\/wp\/v2\/media?parent=443107"}],"wp:term":[{"taxonomy":"category","embeddable":true,"href":"http:\/\/desarrollo.grupomedios.com\/futbol\/wp-json\/wp\/v2\/categories?post=443107"},{"taxonomy":"post_tag","embeddable":true,"href":"http:\/\/desarrollo.grupomedios.com\/futbol\/wp-json\/wp\/v2\/tags?post=443107"}],"curies":[{"name":"wp","href":"https:\/\/api.w.org\/{rel}","templated":true}]}}