{"id":443130,"date":"2016-11-18T16:40:27","date_gmt":"2016-11-18T22:40:27","guid":{"rendered":"https:\/\/www.futboltotal.com.mx\/?p=443130"},"modified":"2016-11-23T15:08:42","modified_gmt":"2016-11-23T21:08:42","slug":"rb-leipzig-imparable-en-la-bundesliga","status":"publish","type":"post","link":"http:\/\/desarrollo.grupomedios.com\/futbol\/futbol-internacional\/rb-leipzig-imparable-en-la-bundesliga\/2016\/11","title":{"rendered":"RB Leipzig, por una haza\u00f1a en la Bundesliga"},"content":{"rendered":"<p>En la temporada 2016-17, el <strong>RB Leipzig<\/strong>\u00a0vive una gran historia: sue\u00f1a y mira tan alto como un d\u00eda lo hizo el FC\u00a0Kaiserslautern del entrenador Otto Rehhagel, quien hace nueve a\u00f1os marc\u00f3 un hito en el balompi\u00e9 teut\u00f3n.<\/p>\n<p>El <strong>RB Leipzig<\/strong>\u00a0cobr\u00f3 vida en la quinta divisi\u00f3n de Alemania en 2009 y hoy transgrede el orden de la Bundesliga, donde reina el Bayern M\u00fanich, tras haber logrado cuatro ascensos (2010, 2013, 2014 y 2016) en los \u00faltimos siete a\u00f1os. Su corta estancia en la m\u00e1xima categor\u00eda ya est\u00e1 dando de qu\u00e9 hablar. Despu\u00e9s de 11 jornadas no hay quien pueda frenarlo.<\/p>\n<p style=\"text-align: center;\"><a href=\"https:\/\/www.futboltotal.com.mx\/futbol-internacional\/\"><span style=\"color: #3366ff;\">LEER M\u00c1S: Todas las noticias de futbol internacional<\/span><\/a><\/p>\n<p>[video_player]https:\/\/player.vimeo.com\/external\/192173323.hd.mp4?s=7251d1ae1cd1ab40b061dafc266857cae9cb1051&amp;profile_id=174[\/video_player]<\/p>\n<p>El gran momento que viven los <em>Toros Rojos<\/em>, <a href=\"https:\/\/www.futboltotal.com.mx\/2016\/11\/bayer-leverkusen-2-leipzig-3-lider-bundesliga\/\">que hoy remontaron 2-3 sobre el Bayer Leverkusen<\/a>, asemeja al que vivi\u00f3 en el curso 1997-98 el\u00a0Kaiserslautern en su primer a\u00f1o por la m\u00e1xima categor\u00eda de Alemania.<\/p>\n<p>En aquel curso, los <em>Diablos Rojos<\/em> que comandaba el alem\u00e1n\u00a0Rehhagel eran la sensaci\u00f3n del campeonato. Solo una campa\u00f1a atr\u00e1s fueron campeones en la categor\u00eda de plata y llegaron para romper con la hegemon\u00eda del Bayern M\u00fanich, monarca del curso 1996-97.<\/p>\n<p>Y lo hicieron de una manera \u00fanica: erigi\u00e9ndose como el primer equipo reci\u00e9n ascendido que logr\u00f3 conquistar la Bundesliga. Se consagr\u00f3 con 19 victorias, 11 empates, 4 derrotas, 63 goles a favor, 39 en contra y 68 puntos.<\/p>\n<p>Desde entonces ning\u00fan otro equipo ha logrado repetir aquella gesta. Hoy, el\u00a0<strong>RB Leipzig<\/strong>\u00a0ha demostrado que est\u00e1 dispuesto a todo para entronizarse en la historia del balompi\u00e9 alem\u00e1n. A pesar de que tiene la plantilla m\u00e1s joven del campeonato (edad promedio 23.9 a\u00f1os) lograron\u00a0desde la s\u00e9ptima jornada ser el\u00a0<b>mejor debutante<\/b>\u00a0en la historia de la Bundesliga.<\/p>\n<p>Ahora, los<em> Toros Rojos<\/em>\u00a0han comenzado a meter presi\u00f3n al Bayern M\u00fanich, desbanc\u00e1ndolo, provisionalmente, de la cima de la clasificaci\u00f3n. Su \u00e9pica apenas comienza&#8230;<\/p>\n","protected":false},"excerpt":{"rendered":"<p>Los Toros Rojos, reci\u00e9n ascendidos, buscan emular la gesta del Kaiserslautern<\/p>\n","protected":false},"author":20,"featured_media":443194,"comment_status":"closed","ping_status":"closed","sticky":false,"template":"","format":"standard","meta":[],"categories":[3839],"tags":[119,7616],"_links":{"self":[{"href":"http:\/\/desarrollo.grupomedios.com\/futbol\/wp-json\/wp\/v2\/posts\/443130"}],"collection":[{"href":"http:\/\/desarrollo.grupomedios.com\/futbol\/wp-json\/wp\/v2\/posts"}],"about":[{"href":"http:\/\/desarrollo.grupomedios.com\/futbol\/wp-json\/wp\/v2\/types\/post"}],"author":[{"embeddable":true,"href":"http:\/\/desarrollo.grupomedios.com\/futbol\/wp-json\/wp\/v2\/users\/20"}],"replies":[{"embeddable":true,"href":"http:\/\/desarrollo.grupomedios.com\/futbol\/wp-json\/wp\/v2\/comments?post=443130"}],"version-history":[{"count":0,"href":"http:\/\/desarrollo.grupomedios.com\/futbol\/wp-json\/wp\/v2\/posts\/443130\/revisions"}],"wp:featuredmedia":[{"embeddable":true,"href":"http:\/\/desarrollo.grupomedios.com\/futbol\/wp-json\/wp\/v2\/media\/443194"}],"wp:attachment":[{"href":"http:\/\/desarrollo.grupomedios.com\/futbol\/wp-json\/wp\/v2\/media?parent=443130"}],"wp:term":[{"taxonomy":"category","embeddable":true,"href":"http:\/\/desarrollo.grupomedios.com\/futbol\/wp-json\/wp\/v2\/categories?post=443130"},{"taxonomy":"post_tag","embeddable":true,"href":"http:\/\/desarrollo.grupomedios.com\/futbol\/wp-json\/wp\/v2\/tags?post=443130"}],"curies":[{"name":"wp","href":"https:\/\/api.w.org\/{rel}","templated":true}]}}