{"id":443191,"date":"2016-11-18T16:33:42","date_gmt":"2016-11-18T22:33:42","guid":{"rendered":"https:\/\/www.futboltotal.com.mx\/?p=443191"},"modified":"2016-11-18T16:34:05","modified_gmt":"2016-11-18T22:34:05","slug":"chiapas-descenderia-en-enero","status":"publish","type":"post","link":"http:\/\/desarrollo.grupomedios.com\/futbol\/futbol-mexicano\/chiapas-descenderia-en-enero\/2016\/11","title":{"rendered":"\u00a1Chiapas s\u00ed descender\u00eda, en enero!"},"content":{"rendered":"<p>El presidente de la Liga MX, Enrique Bonilla, confirma que <a href=\"http:\/\/futboltotal.com.mx\/equipos\/chiapas\/\" target=\"_blank\">Chiapas<\/a> s\u00ed podr\u00eda descender si no se presentan al \u00faltimo partido de la fase regular del Apertura 2016 y no se cubren los adeudos a la plantilla.<\/p>\n<p><strong>Enrique Bonilla<\/strong> se\u00f1ala que si los jugadores del equipo no se presentan al partido contra Atlas, y se mantiene el adeudo a la plantilla,<strong> Chiapas<\/strong> perder\u00eda la categor\u00eda, aunque habr\u00eda un plazo para la directiva, para salvarse de descender.<\/p>\n<p>\u201cHay una propuesta de<em> Jaguares<\/em> para liquidar todo lo que se debe, si los jugadores no aceptan habr\u00eda que aplicar el reglamento. De no estar liquidados los adeudos previo al 5 de enero Jaguares podr\u00eda descender\u201d, explic\u00f3 el presidente de la Liga MX.<\/p>\n<p style=\"text-align: center;\"><span style=\"color: #3366ff;\"><a style=\"color: #3366ff;\" href=\"https:\/\/www.futboltotal.com.mx\/2016\/11\/sorpresas-la-liga-mx-apertura-2016\/\" target=\"_blank\"><strong>LEER M\u00c1S: Las sorpresas del Apertura 2016<\/strong><\/a><\/span><\/p>\n<p>El funcionario agrega que los jugadores no deben de preocuparse porque recibir\u00e1n el salario que les corresponde, antes de que termine el 2016. \u201cInvito a la directiva de <em>Jaguares<\/em> a que cumpla para que no se tenga que aplicar el reglamento dr\u00e1sticamente. Y quiero decirle a los jugadores que est\u00e9n tranquilos, van a recibir su sueldos antes de que acabe el a\u00f1o\u201d, agreg\u00f3.<\/p>\n<p><strong>S\u00edguenos en Twitter:<\/strong> <a href=\"https:\/\/twitter.com\/MXFutbolTotal\" target=\"_blank\">@MXFutbolTotal<\/a><\/p>\n","protected":false},"excerpt":{"rendered":"<p>Enrique Bonilla confirma que podr\u00edan aplicar reglamento<\/p>\n","protected":false},"author":20,"featured_media":443192,"comment_status":"closed","ping_status":"closed","sticky":false,"template":"","format":"standard","meta":[],"categories":[2198,3845,5950],"tags":[5964],"_links":{"self":[{"href":"http:\/\/desarrollo.grupomedios.com\/futbol\/wp-json\/wp\/v2\/posts\/443191"}],"collection":[{"href":"http:\/\/desarrollo.grupomedios.com\/futbol\/wp-json\/wp\/v2\/posts"}],"about":[{"href":"http:\/\/desarrollo.grupomedios.com\/futbol\/wp-json\/wp\/v2\/types\/post"}],"author":[{"embeddable":true,"href":"http:\/\/desarrollo.grupomedios.com\/futbol\/wp-json\/wp\/v2\/users\/20"}],"replies":[{"embeddable":true,"href":"http:\/\/desarrollo.grupomedios.com\/futbol\/wp-json\/wp\/v2\/comments?post=443191"}],"version-history":[{"count":0,"href":"http:\/\/desarrollo.grupomedios.com\/futbol\/wp-json\/wp\/v2\/posts\/443191\/revisions"}],"wp:featuredmedia":[{"embeddable":true,"href":"http:\/\/desarrollo.grupomedios.com\/futbol\/wp-json\/wp\/v2\/media\/443192"}],"wp:attachment":[{"href":"http:\/\/desarrollo.grupomedios.com\/futbol\/wp-json\/wp\/v2\/media?parent=443191"}],"wp:term":[{"taxonomy":"category","embeddable":true,"href":"http:\/\/desarrollo.grupomedios.com\/futbol\/wp-json\/wp\/v2\/categories?post=443191"},{"taxonomy":"post_tag","embeddable":true,"href":"http:\/\/desarrollo.grupomedios.com\/futbol\/wp-json\/wp\/v2\/tags?post=443191"}],"curies":[{"name":"wp","href":"https:\/\/api.w.org\/{rel}","templated":true}]}}