{"id":443199,"date":"2016-11-18T17:12:22","date_gmt":"2016-11-18T23:12:22","guid":{"rendered":"https:\/\/www.futboltotal.com.mx\/?p=443199"},"modified":"2016-11-22T15:57:32","modified_gmt":"2016-11-22T21:57:32","slug":"cara-a-cara-antoine-griezmann-vs-gareth-bale","status":"publish","type":"post","link":"http:\/\/desarrollo.grupomedios.com\/futbol\/futbol-internacional\/cara-a-cara-antoine-griezmann-vs-gareth-bale\/2016\/11","title":{"rendered":"Cara a cara: Antoine Griezmann vs Gareth Bale"},"content":{"rendered":"<p>El<span style=\"color: #ff0000;\"><a style=\"color: #ff0000;\" href=\"https:\/\/www.futboltotal.com.mx\/2016\/11\/en-vivo-atletico-de-madrid-vs-real-madrid-liga-de-espana\/\" target=\"_blank\"> derbi<\/a><\/span> entre el Atl\u00e9tico de Madrid y Real Madrid sacar\u00e1 chispas este 19 de noviembre cuando se enfrenten en el \u00faltimo partido entre ellos en el Vicente Calder\u00f3n.<\/p>\n<p>Con un equipo repleto de estrellas, dos jugadores que han destacado en la temporada 2016-17\u00a0tendr\u00e1n un <strong>Cara a cara: Antoine Griezmann vs Gareth Bale<\/strong>, quienes han sobresalido con una gran aportaci\u00f3n para su respectivo equipo.<\/p>\n<p style=\"text-align: center;\"><span style=\"color: #3366ff;\"><a style=\"color: #3366ff;\" href=\"https:\/\/www.futboltotal.com.mx\/2016\/11\/simeone-rompio-la-hegemonia-del-madrid-ante-atletico\/\">LEER M\u00c1S: Simeone rompi\u00f3 la hegemon\u00eda del Madrid ante el Atl\u00e9tico<\/a><\/span><\/p>\n<p style=\"text-align: center;\"><a href=\"https:\/\/www.futboltotal.com.mx\/wp-content\/uploads\/2016\/11\/CARA-A-CARA-NUEVO-GRIEZMANN-VS-BALE-OK.jpg\"><img decoding=\"async\" loading=\"lazy\" class=\"alignnone size-full wp-image-443211\" src=\"https:\/\/www.futboltotal.com.mx\/wp-content\/uploads\/2016\/11\/CARA-A-CARA-NUEVO-GRIEZMANN-VS-BALE-OK.jpg\" alt=\"cara-a-cara-nuevo-griezmann-vs-bale-ok\" srcset=\"http:\/\/desarrollo.grupomedios.com\/futbol\/wp-content\/uploads\/2016\/11\/CARA-A-CARA-NUEVO-GRIEZMANN-VS-BALE-OK.jpg 858w, http:\/\/desarrollo.grupomedios.com\/futbol\/wp-content\/uploads\/2016\/11\/CARA-A-CARA-NUEVO-GRIEZMANN-VS-BALE-OK-300x262.jpg 300w, http:\/\/desarrollo.grupomedios.com\/futbol\/wp-content\/uploads\/2016\/11\/CARA-A-CARA-NUEVO-GRIEZMANN-VS-BALE-OK-768x671.jpg 768w\" sizes=\"(max-width: 858px) 100vw, 858px\" \/><\/a><\/p>\n<p style=\"text-align: left;\">Pes\u00e9 a que se dud\u00f3 sobre su participaci\u00f3n, <strong>Griezmann<\/strong> ha salido de la lesi\u00f3n que tuvo durante la Fecha FIFA con la Selecci\u00f3n de Francia y se ha entrenado al parejo con sus compa\u00f1eros para enfrentar al Real Madrid.<\/p>\n<p style=\"text-align: left;\">Por su parte, <strong>Bale<\/strong> llega en un momento complicado luego de que Gales ha tenido un arranque dif\u00edcil en las eliminatorias de UEFA rumbo al Mundial de 2018. A pesar de ello, con los <em>Dragones<\/em>\u00a0sigue siendo el l\u00edder y goleador de su equipo.<\/p>\n<p style=\"text-align: left;\">El franc\u00e9s y el gal\u00e9s\u00a0se enfrentar\u00e1n en duelo muy parejo, donde ambos jugadores han mostrado su calidad. Griezmann llega con seis goles, m\u00e1ximo goleador del Atl\u00e9tico de Madrid mientras que Gareth Bale hace lo propio con cinco anotaciones en el mismo n\u00famero de partidos disputados.<\/p>\n<p style=\"text-align: left;\">\u00bfQui\u00e9n tendr\u00e1 un mejor desempe\u00f1o en el partido entre el Atl\u00e9tico de Madrid y Real Madrid?<\/p>\n","protected":false},"excerpt":{"rendered":"<p>\u00bfQui\u00e9n pesar\u00e1 m\u00e1s en el Derbi?<\/p>\n","protected":false},"author":129,"featured_media":443213,"comment_status":"closed","ping_status":"closed","sticky":false,"template":"","format":"standard","meta":[],"categories":[3839,3844,5951],"tags":[5191,6007,6043,5988],"_links":{"self":[{"href":"http:\/\/desarrollo.grupomedios.com\/futbol\/wp-json\/wp\/v2\/posts\/443199"}],"collection":[{"href":"http:\/\/desarrollo.grupomedios.com\/futbol\/wp-json\/wp\/v2\/posts"}],"about":[{"href":"http:\/\/desarrollo.grupomedios.com\/futbol\/wp-json\/wp\/v2\/types\/post"}],"author":[{"embeddable":true,"href":"http:\/\/desarrollo.grupomedios.com\/futbol\/wp-json\/wp\/v2\/users\/129"}],"replies":[{"embeddable":true,"href":"http:\/\/desarrollo.grupomedios.com\/futbol\/wp-json\/wp\/v2\/comments?post=443199"}],"version-history":[{"count":0,"href":"http:\/\/desarrollo.grupomedios.com\/futbol\/wp-json\/wp\/v2\/posts\/443199\/revisions"}],"wp:featuredmedia":[{"embeddable":true,"href":"http:\/\/desarrollo.grupomedios.com\/futbol\/wp-json\/wp\/v2\/media\/443213"}],"wp:attachment":[{"href":"http:\/\/desarrollo.grupomedios.com\/futbol\/wp-json\/wp\/v2\/media?parent=443199"}],"wp:term":[{"taxonomy":"category","embeddable":true,"href":"http:\/\/desarrollo.grupomedios.com\/futbol\/wp-json\/wp\/v2\/categories?post=443199"},{"taxonomy":"post_tag","embeddable":true,"href":"http:\/\/desarrollo.grupomedios.com\/futbol\/wp-json\/wp\/v2\/tags?post=443199"}],"curies":[{"name":"wp","href":"https:\/\/api.w.org\/{rel}","templated":true}]}}