{"id":443315,"date":"2016-11-19T20:00:50","date_gmt":"2016-11-20T02:00:50","guid":{"rendered":"https:\/\/www.futboltotal.com.mx\/?p=443315"},"modified":"2016-11-19T21:43:32","modified_gmt":"2016-11-20T03:43:32","slug":"en-vivo-celaya-vs-alebrijes-ascenso-mx","status":"publish","type":"post","link":"http:\/\/desarrollo.grupomedios.com\/futbol\/futbol-mexicano\/en-vivo-celaya-vs-alebrijes-ascenso-mx\/2016\/11","title":{"rendered":"AS\u00cd SE VIVI\u00d3 | Celaya vs Alebrijes | Ascenso MX"},"content":{"rendered":"<p><a class=\"twitter-timeline\" href=\"https:\/\/twitter.com\/search?q=from%3A%40CDTorosCelayaCD%3B%20OR%20from%3A%40AlebrijesOaxaca\" data-widget-id=\"800159437805613057\">Tweets sobre from:@CDTorosCelayaCD; OR from:@AlebrijesOaxaca<\/a><br \/>\n<script>!function(d,s,id){var js,fjs=d.getElementsByTagName(s)[0],p=\/^http:\/.test(d.location)?'http':'https';if(!d.getElementById(id)){js=d.createElement(s);js.id=id;js.src=p+\":\/\/platform.twitter.com\/widgets.js\";fjs.parentNode.insertBefore(js,fjs);}}(document,\"script\",\"twitter-wjs\");<\/script><\/p>\n<p>En el estadio Miguel Alem\u00e1n Vald\u00e9s, <strong>Celaya<\/strong> y <strong>Alebrijes<\/strong> vivir\u00e1n el segundo episodio de su batalla rumbo a las Semifinales del Apertura 2016 en el <strong>Ascenso MX<\/strong>. Las acciones iniciar\u00e1n a las 19:00 horas del s\u00e1bado 19 de noviembre, en el estadio Miguel Alem\u00e1n Vald\u00e9s, cuando ya se conozca al primer invitado de la siguiente ronda.<\/p>\n<p>Antes del duelo entre <em>Toros<\/em> y <strong>Alebrijes<\/strong>, se disputar\u00e1 el duelo de vuelta de Cuartos de Final entre los Potros de la UAEM y Dorados de Sinaloa, quienes empataron a un gol en el juego de ida celebrado en el estadio Banorte.<\/p>\n<p>Despu\u00e9s de ese encuentro en tierras mexiquenses, <strong>Celaya<\/strong> buscar\u00e1 remontar el 1-2 que tiene en el marcador global, para avanzar como segundo semifinalista y ratificar que es el favorito para ser el campe\u00f3n del torneo.<\/p>\n<p>Por su parte, el conjunto de Oaxaca, quiere romper esa sequ\u00eda de t\u00edtulos que tiene desde que apareci\u00f3 en la <em>Divisi\u00f3n de Plata<\/em>. \u201cNuestros jugadores saben que la clave ser\u00e1 el compromiso que resta y con esa mentalidad, de inmediato empezaron a prepararse para este compromiso de vida o muerte en la liguilla del Ascenso MX\u201d, se\u00f1alan los oaxaque\u00f1os en comunicado.<\/p>\n<p><strong>Celaya vs Alebrijes<\/strong>, \u00bfqui\u00e9n acceder\u00e1 a semifinales, <em>cracks<\/em>?<\/p>\n","protected":false},"excerpt":{"rendered":"<p>Los Toros quieren remontar para avanzar a semifinales<\/p>\n","protected":false},"author":20,"featured_media":443316,"comment_status":"closed","ping_status":"closed","sticky":false,"template":"","format":"standard","meta":[],"categories":[3843,2198],"tags":[432,2502],"_links":{"self":[{"href":"http:\/\/desarrollo.grupomedios.com\/futbol\/wp-json\/wp\/v2\/posts\/443315"}],"collection":[{"href":"http:\/\/desarrollo.grupomedios.com\/futbol\/wp-json\/wp\/v2\/posts"}],"about":[{"href":"http:\/\/desarrollo.grupomedios.com\/futbol\/wp-json\/wp\/v2\/types\/post"}],"author":[{"embeddable":true,"href":"http:\/\/desarrollo.grupomedios.com\/futbol\/wp-json\/wp\/v2\/users\/20"}],"replies":[{"embeddable":true,"href":"http:\/\/desarrollo.grupomedios.com\/futbol\/wp-json\/wp\/v2\/comments?post=443315"}],"version-history":[{"count":0,"href":"http:\/\/desarrollo.grupomedios.com\/futbol\/wp-json\/wp\/v2\/posts\/443315\/revisions"}],"wp:featuredmedia":[{"embeddable":true,"href":"http:\/\/desarrollo.grupomedios.com\/futbol\/wp-json\/wp\/v2\/media\/443316"}],"wp:attachment":[{"href":"http:\/\/desarrollo.grupomedios.com\/futbol\/wp-json\/wp\/v2\/media?parent=443315"}],"wp:term":[{"taxonomy":"category","embeddable":true,"href":"http:\/\/desarrollo.grupomedios.com\/futbol\/wp-json\/wp\/v2\/categories?post=443315"},{"taxonomy":"post_tag","embeddable":true,"href":"http:\/\/desarrollo.grupomedios.com\/futbol\/wp-json\/wp\/v2\/tags?post=443315"}],"curies":[{"name":"wp","href":"https:\/\/api.w.org\/{rel}","templated":true}]}}