{"id":443355,"date":"2016-11-19T12:50:16","date_gmt":"2016-11-19T18:50:16","guid":{"rendered":"https:\/\/www.futboltotal.com.mx\/?p=443355"},"modified":"2016-11-19T13:21:16","modified_gmt":"2016-11-19T19:21:16","slug":"toure-da-triunfo-al-city-elogiado-guardiola","status":"publish","type":"post","link":"http:\/\/desarrollo.grupomedios.com\/futbol\/futbol-internacional\/toure-da-triunfo-al-city-elogiado-guardiola\/2016\/11","title":{"rendered":"Yaya Tour\u00e9 da el triunfo al City y es elogiado por Guardiola"},"content":{"rendered":"<p>Pep Guardiola elogi\u00f3 este s\u00e1bado al marfile\u00f1o <strong>Yaya Tour\u00e9<\/strong>, &#8220;un jugador especial&#8221;, despu\u00e9s de su doblete en Selhurst Park, que le dio la victoria al Manchester City sobre el Crystal Palace (1-2), y asegur\u00f3 que est\u00e1 &#8220;feliz de que est\u00e9 de vuelta&#8221;.<\/p>\n<p>https:\/\/twitter.com\/ManCityES\/status\/800020825873125377<\/p>\n<p>Tour\u00e9, de 33 a\u00f1os, que no jugaba desde el pasado 24 de agosto, despu\u00e9s de que su agente acusara a Guardiola de &#8220;humillarlo&#8221; por no inscribirlo en la lista para la Liga de Campeones, se erigi\u00f3 como el l\u00edder del City con dos goles que han colocado al equipo de M\u00e1nchester col\u00edder de la Premier League.<\/p>\n<blockquote><p>&#8220;Lleva dos meses entrenando muy bien, mejor que nunca. Yo conozco mucho a Yaya y estoy muy contento por \u00e9l y por su familia. Es parte importante del equipo y nos puede ayudar mucho, ya que estamos ante una temporada exigente y necesitamos a todos los jugadores&#8221;, dijo Pep en la rueda de prensa posterior al duelo.<\/p><\/blockquote>\n<p>&#8220;Ha entrenado muy duro cada d\u00eda junto al resto de sus compa\u00f1eros y estoy muy feliz por \u00e9l. Es un jugador especial y estamos contentos de que est\u00e9 de vuelta con nosotros&#8221;, a\u00f1adi\u00f3 el t\u00e9cnico catal\u00e1n.<\/p>\n<p style=\"text-align: center;\"><span style=\"color: #3366ff;\"><a style=\"color: #3366ff;\" href=\"https:\/\/www.futboltotal.com.mx\/2016\/11\/resultados-premier-league-manchester-united-1-1-arsenal\/\">LEER M\u00c1S: Arsenal roba el triunfo al Manchester United<\/a><\/span><\/p>\n<p>El City, merced a dos goles de Tour\u00e9, uno en los instantes finales del primer tiempo (m.40) y otro en los \u00faltimos compases del segundo (m.83), se llev\u00f3 los tres puntos del sur de Londres y se aup\u00f3 a lo m\u00e1s alto de la tabla, empatado a puntos con el Liverpool.<\/p>\n<p>&#8220;No ha sido nuestro mejor partido. Nos enfrentamos a un equipo muy duro, muy fuerte, pero al final logramos llevarnos la victoria, y eso es muy importante. Sabemos que podemos hacerlo mejor y que tenemos mucho que mejorar. Ahora nos toca centrarnos en el partido de Liga de Campeones&#8221;, asever\u00f3 Guardiola.<\/p>\n<p><iframe loading=\"lazy\" src=\"https:\/\/www.youtube.com\/embed\/8g5VwJmLEIU?feature=oembed\" frameborder=\"0\" allowfullscreen><\/iframe><\/p>\n<p>Pep habl\u00f3 tambi\u00e9n sobre el estado f\u00edsico de David Silva, quien fue titular en los dos partidos de Espa\u00f1a durante el par\u00f3n de selecciones -ante Macedonia (4-0) e Inglaterra (2-2)- y que este s\u00e1bado fue suplente en Selhurst Park.<\/p>\n<p>&#8220;Silva pod\u00eda haber jugado pero tiene un peque\u00f1o golpe y prefer\u00ed darle descanso. Adem\u00e1s, jug\u00f3 mucho con Espa\u00f1a&#8221;, se\u00f1al\u00f3.<\/p>\n<p>&nbsp;<\/p>\n","protected":false},"excerpt":{"rendered":"<p>Tour\u00e9 mantuvo al Manchester City en la cima<\/p>\n","protected":false},"author":144,"featured_media":443356,"comment_status":"closed","ping_status":"closed","sticky":false,"template":"","format":"standard","meta":[],"categories":[3839,5951],"tags":[5993,6068],"_links":{"self":[{"href":"http:\/\/desarrollo.grupomedios.com\/futbol\/wp-json\/wp\/v2\/posts\/443355"}],"collection":[{"href":"http:\/\/desarrollo.grupomedios.com\/futbol\/wp-json\/wp\/v2\/posts"}],"about":[{"href":"http:\/\/desarrollo.grupomedios.com\/futbol\/wp-json\/wp\/v2\/types\/post"}],"author":[{"embeddable":true,"href":"http:\/\/desarrollo.grupomedios.com\/futbol\/wp-json\/wp\/v2\/users\/144"}],"replies":[{"embeddable":true,"href":"http:\/\/desarrollo.grupomedios.com\/futbol\/wp-json\/wp\/v2\/comments?post=443355"}],"version-history":[{"count":0,"href":"http:\/\/desarrollo.grupomedios.com\/futbol\/wp-json\/wp\/v2\/posts\/443355\/revisions"}],"wp:featuredmedia":[{"embeddable":true,"href":"http:\/\/desarrollo.grupomedios.com\/futbol\/wp-json\/wp\/v2\/media\/443356"}],"wp:attachment":[{"href":"http:\/\/desarrollo.grupomedios.com\/futbol\/wp-json\/wp\/v2\/media?parent=443355"}],"wp:term":[{"taxonomy":"category","embeddable":true,"href":"http:\/\/desarrollo.grupomedios.com\/futbol\/wp-json\/wp\/v2\/categories?post=443355"},{"taxonomy":"post_tag","embeddable":true,"href":"http:\/\/desarrollo.grupomedios.com\/futbol\/wp-json\/wp\/v2\/tags?post=443355"}],"curies":[{"name":"wp","href":"https:\/\/api.w.org\/{rel}","templated":true}]}}