{"id":443362,"date":"2016-11-19T13:35:26","date_gmt":"2016-11-19T19:35:26","guid":{"rendered":"https:\/\/www.futboltotal.com.mx\/?p=443362"},"modified":"2016-11-19T13:35:26","modified_gmt":"2016-11-19T19:35:26","slug":"figuras-ambas-camisetas-en-derby-della-madonnina-inter-vs-milan","status":"publish","type":"post","link":"http:\/\/desarrollo.grupomedios.com\/futbol\/videos\/figuras-ambas-camisetas-en-derby-della-madonnina-inter-vs-milan\/2016\/11","title":{"rendered":"Figuras con ambas camisetas en el Derbi della Madonnina"},"content":{"rendered":"<p>La Serie A italiana (Primera Divisi\u00f3n) vuelve este fin de semana tras el par\u00f3n para los compromisos internacionales de las selecciones con el derbi <strong><span class=\"classCadenaBusqueda\">Milan<\/span>-Inter<\/strong> como duelo m\u00e1s destacado de la decimotercera jornada.<\/p>\n<p class=\"text\">Adem\u00e1s del hist\u00f3rico partido, hubo otras figuras que disputaron el Derbi pero con el tinte especial de vestir la camiseta de ambos equipos, como es el caso de Ronaldo o el hist\u00f3rico italiano Guiseppe Meazza.<\/p>\n<p class=\"text\">Por ello, nuestros amigos de Kick nos muestran a estas figuras con ambas camisetas en el <em>Derbi della Madonnina.<\/em><\/p>\n<p class=\"text\" style=\"text-align: center;\"><a href=\"https:\/\/www.futboltotal.com.mx\/2016\/11\/toure-da-triunfo-al-city-elogiado-guardiola\/\"><span style=\"color: #3366ff;\">LEER M\u00c1S: Yaya Tour\u00e9 da el triunfo al City y es elogiado por Guardiola<\/span><\/a><\/p>\n<p>[video_player]https:\/\/player.vimeo.com\/external\/192266505.hd.mp4?s=6e1ba07a8c505471eb1f71ad8b630532d94bda67&amp;profile_id=119<br \/>\n[\/video_player]<\/p>\n<p class=\"text\">El choque de San Siro supone adem\u00e1s un enfrentamiento entre el colombiano del <strong>Milan<\/strong> Carlos Bacca y el argentino del <strong>Inter<\/strong> Mauro Icardi, que busca el que ser\u00eda su primer gol a los rivales hist\u00f3ricos de su equipo.<\/p>\n<p class=\"text\"><a href=\"http:\/\/www.kicktv.com\/\" target=\"_blank\">Video cortes\u00eda de KickT<\/a>v | <a href=\"https:\/\/twitter.com\/KICK\" target=\"_blank\">Twitter de Kick<\/a> | <a href=\"https:\/\/www.facebook.com\/kick\/\" target=\"_blank\">Facebook Kick<\/a><\/p>\n","protected":false},"excerpt":{"rendered":"<p>La Serie A italiana (Primera Divisi\u00f3n) vuelve este fin de semana tras el par\u00f3n para los compromisos internacionales de las selecciones con el derbi Milan-Inter como duelo m\u00e1s destacado de la decimotercera jornada. Adem\u00e1s del hist\u00f3rico partido, hubo otras figuras que disputaron el Derbi pero con el tinte especial de vestir la camiseta de ambos [&hellip;]<\/p>\n","protected":false},"author":20,"featured_media":443363,"comment_status":"closed","ping_status":"closed","sticky":false,"template":"","format":"standard","meta":[],"categories":[3839,4],"tags":[1073,242],"_links":{"self":[{"href":"http:\/\/desarrollo.grupomedios.com\/futbol\/wp-json\/wp\/v2\/posts\/443362"}],"collection":[{"href":"http:\/\/desarrollo.grupomedios.com\/futbol\/wp-json\/wp\/v2\/posts"}],"about":[{"href":"http:\/\/desarrollo.grupomedios.com\/futbol\/wp-json\/wp\/v2\/types\/post"}],"author":[{"embeddable":true,"href":"http:\/\/desarrollo.grupomedios.com\/futbol\/wp-json\/wp\/v2\/users\/20"}],"replies":[{"embeddable":true,"href":"http:\/\/desarrollo.grupomedios.com\/futbol\/wp-json\/wp\/v2\/comments?post=443362"}],"version-history":[{"count":0,"href":"http:\/\/desarrollo.grupomedios.com\/futbol\/wp-json\/wp\/v2\/posts\/443362\/revisions"}],"wp:featuredmedia":[{"embeddable":true,"href":"http:\/\/desarrollo.grupomedios.com\/futbol\/wp-json\/wp\/v2\/media\/443363"}],"wp:attachment":[{"href":"http:\/\/desarrollo.grupomedios.com\/futbol\/wp-json\/wp\/v2\/media?parent=443362"}],"wp:term":[{"taxonomy":"category","embeddable":true,"href":"http:\/\/desarrollo.grupomedios.com\/futbol\/wp-json\/wp\/v2\/categories?post=443362"},{"taxonomy":"post_tag","embeddable":true,"href":"http:\/\/desarrollo.grupomedios.com\/futbol\/wp-json\/wp\/v2\/tags?post=443362"}],"curies":[{"name":"wp","href":"https:\/\/api.w.org\/{rel}","templated":true}]}}