{"id":443804,"date":"2016-11-20T21:06:18","date_gmt":"2016-11-21T03:06:18","guid":{"rendered":"https:\/\/www.futboltotal.com.mx\/?p=443804"},"modified":"2016-11-20T21:06:18","modified_gmt":"2016-11-21T03:06:18","slug":"cruz-azul-cierra-con-problemas-porcentuales","status":"publish","type":"post","link":"http:\/\/desarrollo.grupomedios.com\/futbol\/futbol-mexicano\/cruz-azul-cierra-con-problemas-porcentuales\/2016\/11","title":{"rendered":"Cruz Azul acaba con problemas porcentuales"},"content":{"rendered":"<p>Por primera vez en varios torneos, un equipo reci\u00e9n ascendido no iniciar\u00e1 el pr\u00f3ximo torneo de la Liga MX con problemas en la tabla porcentual, como es el caso del\u00a0Necaxa. Caso contrario a <strong>Cruz Azul<\/strong>, que iniciar\u00e1 el Clausura 2017 con l\u00edos en este apartado.<\/p>\n<p>Los <em>Rayos<\/em> ahora piensan en Liguilla despu\u00e9s de haber enderezado el camino con Alfonso Sosa. Eso s\u00ed\u00a0no deber\u00e1n caer en exceso de confianza, pues todo lo que trabaj\u00f3 en el Apertura 2016 podr\u00eda irse abajo en el pr\u00f3ximo Clausura 2017, pues basta recordar que su cociente es muy vol\u00e1til tanto si gana como si pierde.<\/p>\n<p style=\"text-align: center;\"><span style=\"color: #3366ff;\">LEER M\u00c1S: Todas las noticia de futbol mexicano<\/span><\/p>\n<p style=\"text-align: center;\"><a href=\"https:\/\/www.futboltotal.com.mx\/wp-content\/uploads\/2016\/11\/Captura-de-pantalla-2016-11-20-a-las-8.52.10-p.m..png\"><img decoding=\"async\" loading=\"lazy\" class=\"alignnone size-full wp-image-443805\" src=\"https:\/\/www.futboltotal.com.mx\/wp-content\/uploads\/2016\/11\/Captura-de-pantalla-2016-11-20-a-las-8.52.10-p.m..png\" alt=\"captura-de-pantalla-2016-11-20-a-las-8-52-10-p-m\" srcset=\"http:\/\/desarrollo.grupomedios.com\/futbol\/wp-content\/uploads\/2016\/11\/Captura-de-pantalla-2016-11-20-a-las-8.52.10-p.m..png 640w, http:\/\/desarrollo.grupomedios.com\/futbol\/wp-content\/uploads\/2016\/11\/Captura-de-pantalla-2016-11-20-a-las-8.52.10-p.m.-300x238.png 300w\" sizes=\"(max-width: 640px) 100vw, 640px\" \/><\/a><\/p>\n<p>Para el siguiente certamen, los que tendr\u00e1n que tener cuidado son<strong> Cruz Azul<\/strong> y Santos Laguna, que han quedado involucrados en la quema tras realizar un p\u00e9simo semestre. La <em>M\u00e1quina\u00a0<\/em>arrancar\u00e1 solo dos puestos por encima de Santos y a cinco del Morelia, candidato n\u00famero uno a descender.<\/p>\n<p>Veracruz, Jaguares y Puebla se enfrascaran en una lucha a muerte por mantener la categor\u00eda. \u00bfQui\u00e9n ser\u00e1 el pr\u00f3ximo equipo en descender?<\/p>\n<p><a href=\"https:\/\/www.futboltotal.com.mx\/wp-content\/uploads\/2016\/11\/Captura-de-pantalla-2016-11-20-a-las-8.52.29-p.m..png\"><img decoding=\"async\" loading=\"lazy\" class=\"size-full wp-image-443806 aligncenter\" src=\"https:\/\/www.futboltotal.com.mx\/wp-content\/uploads\/2016\/11\/Captura-de-pantalla-2016-11-20-a-las-8.52.29-p.m..png\" alt=\"captura-de-pantalla-2016-11-20-a-las-8-52-29-p-m\" srcset=\"http:\/\/desarrollo.grupomedios.com\/futbol\/wp-content\/uploads\/2016\/11\/Captura-de-pantalla-2016-11-20-a-las-8.52.29-p.m..png 640w, http:\/\/desarrollo.grupomedios.com\/futbol\/wp-content\/uploads\/2016\/11\/Captura-de-pantalla-2016-11-20-a-las-8.52.29-p.m.-300x220.png 300w\" sizes=\"(max-width: 640px) 100vw, 640px\" \/><\/a><\/p>\n<p>&nbsp;<\/p>\n<p>&nbsp;<\/p>\n","protected":false},"excerpt":{"rendered":"<p>La M\u00e1quina y cinco equipos m\u00e1s luchar\u00e1n por no descender<\/p>\n","protected":false},"author":20,"featured_media":443807,"comment_status":"closed","ping_status":"closed","sticky":false,"template":"","format":"standard","meta":[],"categories":[2198,3845,5950],"tags":[5962,2098],"_links":{"self":[{"href":"http:\/\/desarrollo.grupomedios.com\/futbol\/wp-json\/wp\/v2\/posts\/443804"}],"collection":[{"href":"http:\/\/desarrollo.grupomedios.com\/futbol\/wp-json\/wp\/v2\/posts"}],"about":[{"href":"http:\/\/desarrollo.grupomedios.com\/futbol\/wp-json\/wp\/v2\/types\/post"}],"author":[{"embeddable":true,"href":"http:\/\/desarrollo.grupomedios.com\/futbol\/wp-json\/wp\/v2\/users\/20"}],"replies":[{"embeddable":true,"href":"http:\/\/desarrollo.grupomedios.com\/futbol\/wp-json\/wp\/v2\/comments?post=443804"}],"version-history":[{"count":0,"href":"http:\/\/desarrollo.grupomedios.com\/futbol\/wp-json\/wp\/v2\/posts\/443804\/revisions"}],"wp:featuredmedia":[{"embeddable":true,"href":"http:\/\/desarrollo.grupomedios.com\/futbol\/wp-json\/wp\/v2\/media\/443807"}],"wp:attachment":[{"href":"http:\/\/desarrollo.grupomedios.com\/futbol\/wp-json\/wp\/v2\/media?parent=443804"}],"wp:term":[{"taxonomy":"category","embeddable":true,"href":"http:\/\/desarrollo.grupomedios.com\/futbol\/wp-json\/wp\/v2\/categories?post=443804"},{"taxonomy":"post_tag","embeddable":true,"href":"http:\/\/desarrollo.grupomedios.com\/futbol\/wp-json\/wp\/v2\/tags?post=443804"}],"curies":[{"name":"wp","href":"https:\/\/api.w.org\/{rel}","templated":true}]}}