{"id":443854,"date":"2016-11-21T12:20:25","date_gmt":"2016-11-21T18:20:25","guid":{"rendered":"https:\/\/www.futboltotal.com.mx\/?p=443854"},"modified":"2016-11-21T15:30:20","modified_gmt":"2016-11-21T21:30:20","slug":"cristiano-sere-maricon-lleno-pasta-cabron","status":"publish","type":"post","link":"http:\/\/desarrollo.grupomedios.com\/futbol\/futbol-internacional\/cristiano-sere-maricon-lleno-pasta-cabron\/2016\/11","title":{"rendered":"Cristiano: &#8220;Ser\u00e9 maric\u00f3n, pero lleno de pasta, cabr\u00f3n&#8221;"},"content":{"rendered":"<p>Los ecos tras la goleada del Real Madrid sobre el Atl\u00e9tico de Madrid no dejan de surgir y, a un par de d\u00edas de que se viviera este duelo, en Espa\u00f1a se asegura que <strong>Cristiano Ronaldo<\/strong> revel\u00f3 la respuesta que dio ante un insulto recibido por <em>Koke <\/em>durante el derbi madrile\u00f1o.<\/p>\n<p>De acuerdo a informaci\u00f3n dada a conocer por la cadena <em>COPE<\/em>, el <em>crack<\/em> de los <em>Merengues\u00a0<\/em>tuvo una charla con sus compa\u00f1eros de equipo al t\u00e9rmino del partido en el estadio Vicente Calder\u00f3n y les revel\u00f3 la acalorada discusi\u00f3n que vivi\u00f3 con el futbolista de los &#8216;Colchoneros&#8217; durante el partido.<\/p>\n<p>De acuerdo a esta versi\u00f3n, <strong>Cristiano<\/strong> confes\u00f3 al t\u00e9rmino del juego: \u201cKoke me ha llamado maric\u00f3n\u201d, aseveraci\u00f3n que sorprendi\u00f3 a quienes lo escuchaban y el luso continu\u00f3 su relato.<\/p>\n<p style=\"text-align: center;\"><a href=\"https:\/\/www.futboltotal.com.mx\/2016\/11\/cristiano-griezmann-me-dijo-me-detestaba\/\">LEER M\u00c1S: CRISTIANO: &#8220;GRIEZMANN ME DIJO QUE ME DETESTABA&#8221;<\/a><\/p>\n<p>&#8220;Eres un maric\u00f3n, esto me ha dicho.\u00a0Si nos encontramos por Madrid, ya ver\u00e1s lo que voy a hacer&#8221;, aunque Ronaldo zanj\u00f3 esa posibilidad de forma tajante. \u00bfQu\u00e9\u00a0le voy\u00a0a hacer? Nada&#8221;, remat\u00f3.<\/p>\n<p>Sin embargo, no todo el plantel madridista escuch\u00f3 la conversaci\u00f3n desde el principio y aquellos que se perdieron el inicio no dudaron en preguntar: &#8220;\u00bfQui\u00e9n ha sido?&#8221;, a lo que Cristiano respondi\u00f3: &#8220;Koke\u00a0me llam\u00f3 maric\u00f3n y le contest\u00e9: un maric\u00f3n, pero lleno de pasta, cabr\u00f3n&#8221;.<\/p>\n<p style=\"text-align: center;\"><a href=\"https:\/\/www.futboltotal.com.mx\/2016\/11\/en-vivo-atletico-de-madrid-vs-real-madrid-liga-de-espana\/\">LEER M\u00c1S: REAL MADRID GOLE\u00d3 AL ATL\u00c9TICO EN EL CALDER\u00d3N<\/a><\/p>\n<p>Por si fuera poco, el portugu\u00e9s del Madrid tambi\u00e9n habr\u00eda dicho que los jugadores del Atl\u00e9tico de Madrid tienen \u201cun problema, quieren ganar a la &#8216;BBC&#8217; con el culito en la Champions&#8230;\u201d, mientras el brasile\u00f1o Marcelo a\u00f1adi\u00f3 que&#8221;Juanfran no pod\u00eda ni con los huevos&#8221;.<\/p>\n","protected":false},"excerpt":{"rendered":"<p>El luso respondi\u00f3 a los insultos de Koke durante el derbi.<\/p>\n","protected":false},"author":20,"featured_media":443395,"comment_status":"closed","ping_status":"closed","sticky":false,"template":"","format":"standard","meta":[],"categories":[3839,3844,5951],"tags":[6007,6013,6106,5988],"_links":{"self":[{"href":"http:\/\/desarrollo.grupomedios.com\/futbol\/wp-json\/wp\/v2\/posts\/443854"}],"collection":[{"href":"http:\/\/desarrollo.grupomedios.com\/futbol\/wp-json\/wp\/v2\/posts"}],"about":[{"href":"http:\/\/desarrollo.grupomedios.com\/futbol\/wp-json\/wp\/v2\/types\/post"}],"author":[{"embeddable":true,"href":"http:\/\/desarrollo.grupomedios.com\/futbol\/wp-json\/wp\/v2\/users\/20"}],"replies":[{"embeddable":true,"href":"http:\/\/desarrollo.grupomedios.com\/futbol\/wp-json\/wp\/v2\/comments?post=443854"}],"version-history":[{"count":0,"href":"http:\/\/desarrollo.grupomedios.com\/futbol\/wp-json\/wp\/v2\/posts\/443854\/revisions"}],"wp:featuredmedia":[{"embeddable":true,"href":"http:\/\/desarrollo.grupomedios.com\/futbol\/wp-json\/wp\/v2\/media\/443395"}],"wp:attachment":[{"href":"http:\/\/desarrollo.grupomedios.com\/futbol\/wp-json\/wp\/v2\/media?parent=443854"}],"wp:term":[{"taxonomy":"category","embeddable":true,"href":"http:\/\/desarrollo.grupomedios.com\/futbol\/wp-json\/wp\/v2\/categories?post=443854"},{"taxonomy":"post_tag","embeddable":true,"href":"http:\/\/desarrollo.grupomedios.com\/futbol\/wp-json\/wp\/v2\/tags?post=443854"}],"curies":[{"name":"wp","href":"https:\/\/api.w.org\/{rel}","templated":true}]}}