{"id":443881,"date":"2016-11-21T17:05:20","date_gmt":"2016-11-21T23:05:20","guid":{"rendered":"https:\/\/www.futboltotal.com.mx\/?p=443881"},"modified":"2016-11-21T17:23:15","modified_gmt":"2016-11-21T23:23:15","slug":"necaxa-apela-expulsion-edson-puch","status":"publish","type":"post","link":"http:\/\/desarrollo.grupomedios.com\/futbol\/futbol-mexicano\/necaxa-apela-expulsion-edson-puch\/2016\/11","title":{"rendered":"Necaxa contar\u00e1 con Edson Puch"},"content":{"rendered":"<p>El equipo de <strong>Necaxa\u00a0<\/strong>s\u00ed podr\u00e1 contar con el delantero chileno Edson Puch para el duelo de Ida de los Cuartos de Final del Apertura 2016, ante el campe\u00f3n Pachuca.<\/p>\n<p>Tras conocer el reporte de la Comisi\u00f3n Disciplinaria de la Federaci\u00f3n Mexicana de Futbol (FMF), los <em>Rayos<\/em>\u00a0presentaron una inconformidad al considerar que fue manifiestamente err\u00f3nea la expulsi\u00f3n que recibi\u00f3 el chileno Edson Puch.<\/p>\n<p style=\"text-align: center;\"><a href=\"https:\/\/www.futboltotal.com.mx\/2016\/11\/listos-los-horarios-clasico-en-liguilla\/\"><span style=\"color: #3366ff;\">LEER M\u00c1S: Todas las noticias de futbol mexicano<\/span><\/a><\/p>\n<blockquote class=\"twitter-tweet\" data-lang=\"es\">\n<p dir=\"ltr\" lang=\"es\">Tras la solicitud de inconformidad la comisi\u00f3n disciplinaria determin\u00f3 que <a href=\"https:\/\/twitter.com\/EdsonPuchCortez\">@EdsonPuchCortez<\/a> estar\u00e1 habilitado para poder jugar cuartos <a href=\"https:\/\/t.co\/xn2UHxs1zO\">pic.twitter.com\/xn2UHxs1zO<\/a><\/p>\n<p>\u2014 Club Necaxa (@ClubNecaxa) <a href=\"https:\/\/twitter.com\/ClubNecaxa\/status\/800835974909558784\">21 de noviembre de 2016<\/a><\/p><\/blockquote>\n<p><script async src=\"\/\/platform.twitter.com\/widgets.js\" charset=\"utf-8\"><\/script><br \/>\nLa Comisi\u00f3n Disciplinaria analiz\u00f3 las pruebas que present\u00f3 el conjunto que dirige Luis Alfonso Sosa y condon\u00f3 la expulsi\u00f3n a Edson Puch, por lo que el atacante podr\u00e1 jugar el pr\u00f3ximo jueves en el Estadio Victoria a las 21:30 horas.<\/p>\n<p>Puch vio la tarjeta roja en el primer tiempo del partido en el que su escuadra empat\u00f3 a un gol con el Guadalajara el pasado s\u00e1bado, correspondiente a la fecha 17 y \u00faltima del Torneo Apertura 2016<\/p>\n","protected":false},"excerpt":{"rendered":"<p>La Comisi\u00f3n Disciplinaria condon\u00f3 la expulsi\u00f3n al delantero chileno<\/p>\n","protected":false},"author":20,"featured_media":443882,"comment_status":"closed","ping_status":"closed","sticky":false,"template":"","format":"standard","meta":[],"categories":[2198,3845,5950],"tags":[6927,7454,261],"_links":{"self":[{"href":"http:\/\/desarrollo.grupomedios.com\/futbol\/wp-json\/wp\/v2\/posts\/443881"}],"collection":[{"href":"http:\/\/desarrollo.grupomedios.com\/futbol\/wp-json\/wp\/v2\/posts"}],"about":[{"href":"http:\/\/desarrollo.grupomedios.com\/futbol\/wp-json\/wp\/v2\/types\/post"}],"author":[{"embeddable":true,"href":"http:\/\/desarrollo.grupomedios.com\/futbol\/wp-json\/wp\/v2\/users\/20"}],"replies":[{"embeddable":true,"href":"http:\/\/desarrollo.grupomedios.com\/futbol\/wp-json\/wp\/v2\/comments?post=443881"}],"version-history":[{"count":0,"href":"http:\/\/desarrollo.grupomedios.com\/futbol\/wp-json\/wp\/v2\/posts\/443881\/revisions"}],"wp:featuredmedia":[{"embeddable":true,"href":"http:\/\/desarrollo.grupomedios.com\/futbol\/wp-json\/wp\/v2\/media\/443882"}],"wp:attachment":[{"href":"http:\/\/desarrollo.grupomedios.com\/futbol\/wp-json\/wp\/v2\/media?parent=443881"}],"wp:term":[{"taxonomy":"category","embeddable":true,"href":"http:\/\/desarrollo.grupomedios.com\/futbol\/wp-json\/wp\/v2\/categories?post=443881"},{"taxonomy":"post_tag","embeddable":true,"href":"http:\/\/desarrollo.grupomedios.com\/futbol\/wp-json\/wp\/v2\/tags?post=443881"}],"curies":[{"name":"wp","href":"https:\/\/api.w.org\/{rel}","templated":true}]}}