{"id":443958,"date":"2016-11-22T11:47:22","date_gmt":"2016-11-22T17:47:22","guid":{"rendered":"https:\/\/www.futboltotal.com.mx\/?p=443958"},"modified":"2016-11-22T11:47:22","modified_gmt":"2016-11-22T17:47:22","slug":"mourinho-bueno-van-gaal-ganador-daley-blind","status":"publish","type":"post","link":"http:\/\/desarrollo.grupomedios.com\/futbol\/futbol-internacional\/mourinho-bueno-van-gaal-ganador-daley-blind\/2016\/11","title":{"rendered":"Mourinho es bueno, pero Van Gaal es un ganador: Daley Blind"},"content":{"rendered":"<p><strong>Daley Blind,<\/strong> defensa central del Manchester United, compar\u00f3 al portugu\u00e9s Jos\u00e9 Mourinho, su actual t\u00e9cnico, con su antecesor, el holand\u00e9s Louis van Gaal. &#8220;Los dos tienen compromisos similares con sus equipos, tienen filosof\u00edas similares, excepto en cuanto a ganar&#8221;, se\u00f1al\u00f3 el futbolista holand\u00e9s.<\/p>\n<p><strong>Blind<\/strong> lleg\u00f3 al Manchester United, proveniente del Ajax, en 2014 a petici\u00f3n de Van Gaal, luego de que el defensa formara parte de la selecci\u00f3n que particip\u00f3 en el Mundial de Brasil 2014. Con el t\u00e9cnico holand\u00e9s, Blind fue un jugador constante en el 11 inicial del Manchester United.<\/p>\n<p style=\"text-align: center;\"><span style=\"color: #3366ff;\"><a style=\"color: #3366ff;\" href=\"https:\/\/www.futboltotal.com.mx\/2016\/11\/aprendimos-del-7-0-brendan-rodgers\/\">LEER M\u00c1S: Aprendimos del 7-0: Brendan Rodgers<\/a><\/span><\/p>\n<p>Con la llegada del <em>Special One<\/em>, la participaci\u00f3n de Blind tambi\u00e9n ha sido constante. &#8220;Soy afortunado de haber trabajado con muy buenos t\u00e9cnicos. Ahora aprendo mucho de Mourinho en el trabajo diario y es un buen hombre&#8221;, coment\u00f3 el zaguero de 26 a\u00f1os al diario holand\u00e9s <em>De Telegraaf<\/em>.<\/p>\n<p>&#8220;Mourinho es muy similar a Van Gaal en cuanto al compromiso con el equipo. Los dos suelen trabajar muy de cerca con los jugadores, reconozco que no es una coincidencia: a todo mundo le gusta cuando tu jefe muestre inter\u00e9s en ti&#8221;.<\/p>\n<p>Pero seg\u00fan <strong>Blind<\/strong>, los objetivos finales de su actual t\u00e9cnico difieren a los de Van Gaal: &#8220;Mourinho se gan\u00f3 a s\u00ed mismo su apodo como <em>The Special One<\/em> por todo lo que ha logrado. Es un excelente t\u00e9cnico que est\u00e1 al pendiente en todos los detalles. Es muy t\u00e1ctico, pero su filosof\u00eda es ligeramente diferente a la de Van Gaal, quien es m\u00e1s directo: para \u00e9l todo se refiere en ganar&#8221;.<\/p>\n<p style=\"text-align: center;\"><a href=\"https:\/\/www.futboltotal.com.mx\/2016\/11\/zlatan-ibrahimovic-se-compara-emperador-historico\/\"><span style=\"color: #3366ff;\">LEER M\u00c1S: Zlatan se compara con personaje hist\u00f3rico<\/span><\/a><\/p>\n<p>Mourinho, quien fue auxiliar t\u00e9cnico de Van Gaal en el Barcelona, lleg\u00f3 al Manchester United para la campa\u00f1a 2016-17 y en la actualidad tiene al club en la sexta posici\u00f3n de la tabla general de la Premier League con 19 puntos, a nueve unidades del Chelsea, l\u00edder general de la competencia; en tanto que en la Europa League, los <em>Red Devils<\/em> se ubican en tercera posici\u00f3n del Grupo A con seis unidades, uno menos que Fenerbahce y Feyenoord.<\/p>\n<p>&nbsp;<\/p>\n","protected":false},"excerpt":{"rendered":"<p>El zaguero elogia lo triufador que ha sido The Special One.<\/p>\n","protected":false},"author":127,"featured_media":443995,"comment_status":"closed","ping_status":"closed","sticky":false,"template":"","format":"standard","meta":[],"categories":[3841,3839],"tags":[36,288,780],"_links":{"self":[{"href":"http:\/\/desarrollo.grupomedios.com\/futbol\/wp-json\/wp\/v2\/posts\/443958"}],"collection":[{"href":"http:\/\/desarrollo.grupomedios.com\/futbol\/wp-json\/wp\/v2\/posts"}],"about":[{"href":"http:\/\/desarrollo.grupomedios.com\/futbol\/wp-json\/wp\/v2\/types\/post"}],"author":[{"embeddable":true,"href":"http:\/\/desarrollo.grupomedios.com\/futbol\/wp-json\/wp\/v2\/users\/127"}],"replies":[{"embeddable":true,"href":"http:\/\/desarrollo.grupomedios.com\/futbol\/wp-json\/wp\/v2\/comments?post=443958"}],"version-history":[{"count":0,"href":"http:\/\/desarrollo.grupomedios.com\/futbol\/wp-json\/wp\/v2\/posts\/443958\/revisions"}],"wp:featuredmedia":[{"embeddable":true,"href":"http:\/\/desarrollo.grupomedios.com\/futbol\/wp-json\/wp\/v2\/media\/443995"}],"wp:attachment":[{"href":"http:\/\/desarrollo.grupomedios.com\/futbol\/wp-json\/wp\/v2\/media?parent=443958"}],"wp:term":[{"taxonomy":"category","embeddable":true,"href":"http:\/\/desarrollo.grupomedios.com\/futbol\/wp-json\/wp\/v2\/categories?post=443958"},{"taxonomy":"post_tag","embeddable":true,"href":"http:\/\/desarrollo.grupomedios.com\/futbol\/wp-json\/wp\/v2\/tags?post=443958"}],"curies":[{"name":"wp","href":"https:\/\/api.w.org\/{rel}","templated":true}]}}