{"id":443984,"date":"2016-11-22T11:51:21","date_gmt":"2016-11-22T17:51:21","guid":{"rendered":"https:\/\/www.futboltotal.com.mx\/?p=443984"},"modified":"2016-11-22T18:14:48","modified_gmt":"2016-11-23T00:14:48","slug":"futbol-mundo-lleno-mier-daniel-osvaldo","status":"publish","type":"post","link":"http:\/\/desarrollo.grupomedios.com\/futbol\/futbol-internacional\/futbol-mundo-lleno-mier-daniel-osvaldo\/2016\/11","title":{"rendered":"&#8220;El f\u00fatbol es un mundo lleno de mier#@&#8221;, Daniel Osvaldo"},"content":{"rendered":"<p>Hace unos a\u00f1os, <strong>Daniel Osvaldo<\/strong> lleg\u00f3 a ser un delantero muy bien cotizado en el mercado europeo.<\/p>\n<p>Las actuaciones del argentino en la Serie A hicieron que incluso llegara a la selecci\u00f3n italiana, luego de que nunca recibiera una oportunidad con la Albiceleste (\u201cEspero que se arrepientan\u201d, lleg\u00f3 a decir alguna vez, all\u00e1 por 2011, luego de su primera convocatoria a la <em>Azzurra<\/em>).<\/p>\n<p style=\"text-align: center;\"><a href=\"https:\/\/www.futboltotal.com.mx\/2016\/09\/daniel-osvaldo-cambia-el-futbol-por-la-musica\/\" target=\"_blank\"><span style=\"color: #3366ff;\"><strong>LEER M\u00c1S: Daniel Osvaldo, \u00bfcambia el futbol por la m\u00fasica?<\/strong><\/span><\/a><\/p>\n<p>Hoy, sin embargo, <strong>Daniel Osvaldo<\/strong> no s\u00f3lo no figura en el primer plano, sino que est\u00e1 completamente alejado del futbol profesional. Luego de varios cambios de equipo (pas\u00f3 por cinco clubes de tres ligas distintas en tres a\u00f1os, incluidos la Juventus y el Inter de Mil\u00e1n), el <em>Stone<\/em> decidi\u00f3 dejarlo.<\/p>\n<p>Un baj\u00f3n de rendimiento y una fama cada vez m\u00e1s creciente -y justificada- de inestable, lo convirtieron en una especie de paria, hasta que \u00e9l mismo decidi\u00f3 cortar su carrera en un mundo al que ahora ha calificado de manera muy dura.<\/p>\n<blockquote class=\"twitter-tweet\" data-lang=\"es\">\n<p dir=\"ltr\" lang=\"es\">Daniel <a href=\"https:\/\/twitter.com\/hashtag\/Osvaldo?src=hash\">#Osvaldo<\/a> cont\u00f3 los motivos que lo llevaron a retirarse: &#8220;El ambiente del f\u00fatbol no me entend\u00eda&#8221; <a href=\"https:\/\/t.co\/tsF308YgYg\">https:\/\/t.co\/tsF308YgYg<\/a> <a href=\"https:\/\/t.co\/b3X9r08om2\">pic.twitter.com\/b3X9r08om2<\/a><\/p>\n<p>\u2014 Diario Ol\u00e9 (@DiarioOle) <a href=\"https:\/\/twitter.com\/DiarioOle\/status\/800716375304138752\">21 de noviembre de 2016<\/a><\/p><\/blockquote>\n<p><script async src=\"\/\/platform.twitter.com\/widgets.js\" charset=\"utf-8\"><\/script><\/p>\n<p><strong>Daniel Osvaldo<\/strong> decidi\u00f3 dedicarse a la m\u00fasica y no seguir en el futbol. Ahora, el argentino concedi\u00f3 una entrevista a FOX Sports y habl\u00f3 en un tono cr\u00edtico del balompi\u00e9 y de su decisi\u00f3n de dejarlo.<\/p>\n<p>\u201cEn el f\u00fatbol no era feliz\u201d, arranc\u00f3 el ex delantero y luego solt\u00f3: \u201cEs un mundo lleno de mierda\u201d. El ex jugador del Porto y Boca Juniors afirm\u00f3 que agradece lo que el deporte le dio, pero dej\u00f3 claro que no se arrepiente de su decisi\u00f3n.<\/p>\n<p style=\"text-align: center;\"><a href=\"https:\/\/www.futboltotal.com.mx\/2016\/11\/santos-demando-a-boca-juniors-caso-marchesin\/\" target=\"_blank\"><span style=\"color: #3366ff;\"><strong>LEER M\u00c1S:\u00a0Santos demanda a Boca Juniors por caso Marches\u00edn<\/strong><\/span><\/a><\/p>\n<p>\u201cMe di cuenta de que no era mi mundo. He ganado bastante con el f\u00fatbol, pero no lo es todo en la vida\u2026 Me hac\u00eda infeliz y decid\u00ed decir basta\u201d, sentenci\u00f3 <strong>Daniel Osvaldo<\/strong>.<\/p>\n","protected":false},"excerpt":{"rendered":"<p>El argentino-italiano habl\u00f3 de los motivos que lo orillaron a retirarse.<\/p>\n","protected":false},"author":20,"featured_media":444003,"comment_status":"closed","ping_status":"closed","sticky":false,"template":"","format":"standard","meta":[],"categories":[3839,7495,3848,5951],"tags":[2514,1683,5779,5049],"_links":{"self":[{"href":"http:\/\/desarrollo.grupomedios.com\/futbol\/wp-json\/wp\/v2\/posts\/443984"}],"collection":[{"href":"http:\/\/desarrollo.grupomedios.com\/futbol\/wp-json\/wp\/v2\/posts"}],"about":[{"href":"http:\/\/desarrollo.grupomedios.com\/futbol\/wp-json\/wp\/v2\/types\/post"}],"author":[{"embeddable":true,"href":"http:\/\/desarrollo.grupomedios.com\/futbol\/wp-json\/wp\/v2\/users\/20"}],"replies":[{"embeddable":true,"href":"http:\/\/desarrollo.grupomedios.com\/futbol\/wp-json\/wp\/v2\/comments?post=443984"}],"version-history":[{"count":0,"href":"http:\/\/desarrollo.grupomedios.com\/futbol\/wp-json\/wp\/v2\/posts\/443984\/revisions"}],"wp:featuredmedia":[{"embeddable":true,"href":"http:\/\/desarrollo.grupomedios.com\/futbol\/wp-json\/wp\/v2\/media\/444003"}],"wp:attachment":[{"href":"http:\/\/desarrollo.grupomedios.com\/futbol\/wp-json\/wp\/v2\/media?parent=443984"}],"wp:term":[{"taxonomy":"category","embeddable":true,"href":"http:\/\/desarrollo.grupomedios.com\/futbol\/wp-json\/wp\/v2\/categories?post=443984"},{"taxonomy":"post_tag","embeddable":true,"href":"http:\/\/desarrollo.grupomedios.com\/futbol\/wp-json\/wp\/v2\/tags?post=443984"}],"curies":[{"name":"wp","href":"https:\/\/api.w.org\/{rel}","templated":true}]}}