{"id":444007,"date":"2016-11-26T19:00:38","date_gmt":"2016-11-27T01:00:38","guid":{"rendered":"https:\/\/www.futboltotal.com.mx\/?p=444007"},"modified":"2016-11-26T21:22:58","modified_gmt":"2016-11-27T03:22:58","slug":"en-vivo-celaya-vs-atlante-ascenso-mx","status":"publish","type":"post","link":"http:\/\/desarrollo.grupomedios.com\/futbol\/futbol-mexicano\/en-vivo-celaya-vs-atlante-ascenso-mx\/2016\/11","title":{"rendered":"AS\u00cd SE VIVI\u00d3 | Celaya 0-0 Atlante | Ascenso MX"},"content":{"rendered":"<p><a class=\"twitter-timeline\" href=\"https:\/\/twitter.com\/search?q=from%3A%40TorosCelayaCD%3B%20OR%20from%3A%40Atlante\" data-widget-id=\"802640802337804288\">Tweets sobre from:@TorosCelayaCD; OR from:@Atlante<\/a><br \/>\n<script>!function(d,s,id){var js,fjs=d.getElementsByTagName(s)[0],p=\/^http:\/.test(d.location)?'http':'https';if(!d.getElementById(id)){js=d.createElement(s);js.id=id;js.src=p+\":\/\/platform.twitter.com\/widgets.js\";fjs.parentNode.insertBefore(js,fjs);}}(document,\"script\",\"twitter-wjs\");<\/script><\/p>\n<p>En el estadio Miguel Alem\u00e1n Vald\u00e9s, tambi\u00e9n conocido como Emilio Butrague\u00f1o, <strong>Celaya<\/strong> y <strong>Atlante<\/strong> definen al segundo finalista del <strong>Ascenso MX<\/strong>, pues ser\u00e1 el segundo encuentro de semifinal, que se desarrolle el s\u00e1bado 26 de noviembre. La hora de inicio del partido es a las 19:00 horas.<\/p>\n<p><strong>Celaya<\/strong> ha arrasado en el actual Apertura 2016, pues lleva 40 goles entre fase regular y lo que lleva de Liguilla, adem\u00e1s de que tiene la mejor defensiva del certamen con 16 tantos recibidos. Los <em>Toros<\/em> son un hist\u00f3rico del futbol mexicano con historia en la Primera Divisi\u00f3n.<\/p>\n<p>Los <em>Toros<\/em> quieren regresar y retomar el M\u00e1ximo Circuito, el protagonismo que ganaron en la d\u00e9cada de 1990, cuando militaron en sus filas, Hugo S\u00e1nchez, Emilio Butrague\u00f1o y Miguel Gonz\u00e1lez Michel. El conjunto de Guanajuato jug\u00f3 su primer partido de Liga MX el 13 de julio de 1958.<\/p>\n<p>Pero <strong>Atlante<\/strong> tambi\u00e9n tiene su historia, tiene tres t\u00edtulos de Primera Divisi\u00f3n, el primero lo obtuvo en la temporada 1946-47, el segundo en la 1992-93 y el \u00faltimo en el Apertura 2007. Adem\u00e1s, los Potros llevan ventaja en el marcador global y s\u00f3lo han recibido un gol en los \u00faltimos cinco partidos.<\/p>\n<p><strong>Celaya vs Atlante<\/strong>, \u00bfqui\u00e9n ganar\u00e1 este encuentro, <em>cracks<\/em>?<\/p>\n","protected":false},"excerpt":{"rendered":"<p>\u00a1Los Potros se clasifican a la final del Ascenso!<\/p>\n","protected":false},"author":20,"featured_media":445171,"comment_status":"closed","ping_status":"closed","sticky":false,"template":"","format":"standard","meta":[],"categories":[3843,2198],"tags":[432,5960,2502],"_links":{"self":[{"href":"http:\/\/desarrollo.grupomedios.com\/futbol\/wp-json\/wp\/v2\/posts\/444007"}],"collection":[{"href":"http:\/\/desarrollo.grupomedios.com\/futbol\/wp-json\/wp\/v2\/posts"}],"about":[{"href":"http:\/\/desarrollo.grupomedios.com\/futbol\/wp-json\/wp\/v2\/types\/post"}],"author":[{"embeddable":true,"href":"http:\/\/desarrollo.grupomedios.com\/futbol\/wp-json\/wp\/v2\/users\/20"}],"replies":[{"embeddable":true,"href":"http:\/\/desarrollo.grupomedios.com\/futbol\/wp-json\/wp\/v2\/comments?post=444007"}],"version-history":[{"count":0,"href":"http:\/\/desarrollo.grupomedios.com\/futbol\/wp-json\/wp\/v2\/posts\/444007\/revisions"}],"wp:featuredmedia":[{"embeddable":true,"href":"http:\/\/desarrollo.grupomedios.com\/futbol\/wp-json\/wp\/v2\/media\/445171"}],"wp:attachment":[{"href":"http:\/\/desarrollo.grupomedios.com\/futbol\/wp-json\/wp\/v2\/media?parent=444007"}],"wp:term":[{"taxonomy":"category","embeddable":true,"href":"http:\/\/desarrollo.grupomedios.com\/futbol\/wp-json\/wp\/v2\/categories?post=444007"},{"taxonomy":"post_tag","embeddable":true,"href":"http:\/\/desarrollo.grupomedios.com\/futbol\/wp-json\/wp\/v2\/tags?post=444007"}],"curies":[{"name":"wp","href":"https:\/\/api.w.org\/{rel}","templated":true}]}}