{"id":444017,"date":"2016-11-22T12:19:58","date_gmt":"2016-11-22T18:19:58","guid":{"rendered":"https:\/\/www.futboltotal.com.mx\/?p=444017"},"modified":"2016-11-22T12:19:58","modified_gmt":"2016-11-22T18:19:58","slug":"diego-costa-aprendio-a-mantener-la-calma-antonio-conte","status":"publish","type":"post","link":"http:\/\/desarrollo.grupomedios.com\/futbol\/futbol-internacional\/diego-costa-aprendio-a-mantener-la-calma-antonio-conte\/2016\/11","title":{"rendered":"Diego Costa aprendi\u00f3 a mantener la calma: Conte"},"content":{"rendered":"<p>El t\u00e9cnico italiano del Chelsea, Antonio Conte, elogi\u00f3 al espa\u00f1ol <strong>Diego Costa<\/strong>, m\u00e1ximo goleador de la Premier League con 10 tantos, por &#8220;aprender a mantener la calma&#8221; y por su &#8220;disponibilidad para trabajar al servicio del equipo&#8221;.<\/p>\n<p>Conte, que lidera el campeonato ingl\u00e9s con el Chelsea, tambi\u00e9n mostr\u00f3 su estima para el espa\u00f1ol Pedro Rodr\u00edguez, que se ha convertido en un titular fijo de su plantilla despu\u00e9s de pasar al 3-4-3.<\/p>\n<p>&#8220;<strong>Diego<\/strong> es uno de los mejores delanteros del mundo, para nosotros no solo es importante como goleador sino tambi\u00e9n por su disponibilidad para trabajar al servicio del equipo. Sus mejoras a nivel de actitud son el fruto de su esfuerzo&#8221;, declar\u00f3 Conte en una entrevista difundida hoy por el diario italiano <em>La Gazzetta dello Sport<\/em>.<\/p>\n<p>&#8220;<strong>Costa<\/strong> ha entendido que ten\u00eda que aprender a mantener la calma&#8221;, agreg\u00f3 el t\u00e9cnico italiano.<\/p>\n<p>El delantero espa\u00f1ol <strong>Diego Costa<\/strong> est\u00e1 marcando con gran continuidad, lleva 10 goles en 12 partidos de Premier League y va camino de batir su r\u00e9cord de la temporada 2014-2015, en la que firm\u00f3 20 dianas y conquist\u00f3 el t\u00edtulo de campe\u00f3n de Inglaterra.<\/p>\n<p>Conte elogi\u00f3 adem\u00e1s al exjugador del Barcelona Pedro Rodr\u00edguez, al que defini\u00f3 como un futbolista con &#8220;capacidades excelentes&#8221; y &#8220;perfecto para jugar en el 3-4-3&#8221;.<\/p>\n<p>El exseleccionador de Italia admiti\u00f3 que el hecho de que el Chelsea no juegue en las copas europeas le ha permitido &#8220;profundizar sus conceptos t\u00e1cticos&#8221;.<\/p>\n<p>&#8220;Tener al equipo a disposici\u00f3n durante toda la semana es algo que me ayud\u00f3, sobre todo en los primeros meses. Me permiti\u00f3 profundizar mis conceptos t\u00e1cticos. En todo caso, el Chelsea es un club que no puede estar fuera de las copas europeas&#8221;, dijo.<\/p>\n<p>Finalmente, Conte opin\u00f3 sobre el dominio a nivel nacional de Juventus (su exequipo) y destac\u00f3 que la presencia de jugadores como el argentino Gonzalo Higua\u00edn o el bosnio Miralem Pjanic le facilita las cosas al t\u00e9cnico Massimiliano Allegri.<\/p>\n<p>&#8220;Cuando tienes a una plantilla como la del Juventus tienes que tener grandes objetivos. En el f\u00fatbol no hay nada seguro pero si tus rivales te venden a Higua\u00edn y Pjanic todo es m\u00e1s f\u00e1cil&#8221;, consider\u00f3.<\/p>\n","protected":false},"excerpt":{"rendered":"<p>El t\u00e9cnico del Chelsea tambi\u00e9n aprueba la disposici\u00f3n del delantero hacia del grupo.<\/p>\n","protected":false},"author":144,"featured_media":444020,"comment_status":"closed","ping_status":"closed","sticky":false,"template":"","format":"standard","meta":[],"categories":[3839,3846],"tags":[2354,5981,3205,5999],"_links":{"self":[{"href":"http:\/\/desarrollo.grupomedios.com\/futbol\/wp-json\/wp\/v2\/posts\/444017"}],"collection":[{"href":"http:\/\/desarrollo.grupomedios.com\/futbol\/wp-json\/wp\/v2\/posts"}],"about":[{"href":"http:\/\/desarrollo.grupomedios.com\/futbol\/wp-json\/wp\/v2\/types\/post"}],"author":[{"embeddable":true,"href":"http:\/\/desarrollo.grupomedios.com\/futbol\/wp-json\/wp\/v2\/users\/144"}],"replies":[{"embeddable":true,"href":"http:\/\/desarrollo.grupomedios.com\/futbol\/wp-json\/wp\/v2\/comments?post=444017"}],"version-history":[{"count":0,"href":"http:\/\/desarrollo.grupomedios.com\/futbol\/wp-json\/wp\/v2\/posts\/444017\/revisions"}],"wp:featuredmedia":[{"embeddable":true,"href":"http:\/\/desarrollo.grupomedios.com\/futbol\/wp-json\/wp\/v2\/media\/444020"}],"wp:attachment":[{"href":"http:\/\/desarrollo.grupomedios.com\/futbol\/wp-json\/wp\/v2\/media?parent=444017"}],"wp:term":[{"taxonomy":"category","embeddable":true,"href":"http:\/\/desarrollo.grupomedios.com\/futbol\/wp-json\/wp\/v2\/categories?post=444017"},{"taxonomy":"post_tag","embeddable":true,"href":"http:\/\/desarrollo.grupomedios.com\/futbol\/wp-json\/wp\/v2\/tags?post=444017"}],"curies":[{"name":"wp","href":"https:\/\/api.w.org\/{rel}","templated":true}]}}