{"id":444051,"date":"2016-11-22T13:23:58","date_gmt":"2016-11-22T19:23:58","guid":{"rendered":"https:\/\/www.futboltotal.com.mx\/?p=444051"},"modified":"2016-11-22T13:25:58","modified_gmt":"2016-11-22T19:25:58","slug":"celaya-estara-siempre-en-corazon","status":"publish","type":"post","link":"http:\/\/desarrollo.grupomedios.com\/futbol\/futbol-mexicano\/celaya-estara-siempre-en-corazon\/2016\/11","title":{"rendered":"&#8220;Celaya estar\u00e1 siempre en el coraz\u00f3n&#8221;"},"content":{"rendered":"<p>El exjugador del Real Madrid que perteneci\u00f3 al <strong>Club Celaya<\/strong> durante la temporada 1996-97, <strong>Michel Gonz\u00e1lez<\/strong> afirm\u00f3 que lleva a &#8220;Celaya siempre en el coraz\u00f3n&#8221;, a trav\u00e9s de una videoconferencia hecha mediante una red social este martes.<\/p>\n<p>&#8220;La verdad es que estuve un a\u00f1o y no solamente viv\u00ed muy bien a nivel deportivo. Fue una manera fenomenal de descender del foco despu\u00e9s de pasar por el Real Madrid tanto tiempo. Conservo muchos amigos y tengo un gran recuerdo de <strong>Celaya<\/strong>&#8220;, apunt\u00f3 el exjugador que comparti\u00f3 camiseta con Hugo S\u00e1nchez y Emilio Butrague\u00f1o en el Real Madrid y la liga mexicana.<\/p>\n<p style=\"text-align: center;\"><span style=\"color: #3366ff;\"><a style=\"color: #3366ff;\" href=\"https:\/\/www.futboltotal.com.mx\/2016\/10\/celaya-club-mexicano-famoso\/\" target=\"_blank\"><strong>LEER M\u00c1S: Hist\u00f3rico espa\u00f1ol tambi\u00e9n recuerda al Celaya<\/strong><\/a><\/span><\/p>\n<p>Tambi\u00e9n, el centrocampista que form\u00f3 parte de la llamada &#8220;quinta del buitre&#8221; en los ochenta, se dio tiempo para hablar acerca del cl\u00e1sico espa\u00f1ol que se encuentra pr\u00f3ximo a disputarse el 3 de diciembre en el Camp Nou y considera que &#8220;este tipo de partidos los juega muy bien el Madrid, entiende muy bien el m\u00e1ximo nivel y es donde Zidane se muestra mejor como entrenador&#8221;.<\/p>\n<p>Al ser cuestionado si prefiere a la <em>BBC<\/em> o la <em>MSN<\/em>, asegur\u00f3 que le gustar\u00eda &#8220;meterlos a todos en un &#8216;mix&#8217;, pues son magn\u00edficos futbolistas&#8221;.<\/p>\n<p>S\u00edguenos en Twitter: <a href=\"https:\/\/twitter.com\/MXFutbolTotal\" target=\"_blank\">@MXFutbolTotal<\/a><\/p>\n","protected":false},"excerpt":{"rendered":"<p>Los Toros siguen dando de qu\u00e9 hablar en Espa\u00f1a<\/p>\n","protected":false},"author":144,"featured_media":444053,"comment_status":"closed","ping_status":"closed","sticky":false,"template":"","format":"standard","meta":[],"categories":[3843,2198,5950],"tags":[2502],"_links":{"self":[{"href":"http:\/\/desarrollo.grupomedios.com\/futbol\/wp-json\/wp\/v2\/posts\/444051"}],"collection":[{"href":"http:\/\/desarrollo.grupomedios.com\/futbol\/wp-json\/wp\/v2\/posts"}],"about":[{"href":"http:\/\/desarrollo.grupomedios.com\/futbol\/wp-json\/wp\/v2\/types\/post"}],"author":[{"embeddable":true,"href":"http:\/\/desarrollo.grupomedios.com\/futbol\/wp-json\/wp\/v2\/users\/144"}],"replies":[{"embeddable":true,"href":"http:\/\/desarrollo.grupomedios.com\/futbol\/wp-json\/wp\/v2\/comments?post=444051"}],"version-history":[{"count":0,"href":"http:\/\/desarrollo.grupomedios.com\/futbol\/wp-json\/wp\/v2\/posts\/444051\/revisions"}],"wp:featuredmedia":[{"embeddable":true,"href":"http:\/\/desarrollo.grupomedios.com\/futbol\/wp-json\/wp\/v2\/media\/444053"}],"wp:attachment":[{"href":"http:\/\/desarrollo.grupomedios.com\/futbol\/wp-json\/wp\/v2\/media?parent=444051"}],"wp:term":[{"taxonomy":"category","embeddable":true,"href":"http:\/\/desarrollo.grupomedios.com\/futbol\/wp-json\/wp\/v2\/categories?post=444051"},{"taxonomy":"post_tag","embeddable":true,"href":"http:\/\/desarrollo.grupomedios.com\/futbol\/wp-json\/wp\/v2\/tags?post=444051"}],"curies":[{"name":"wp","href":"https:\/\/api.w.org\/{rel}","templated":true}]}}