{"id":444069,"date":"2016-11-22T14:00:08","date_gmt":"2016-11-22T20:00:08","guid":{"rendered":"https:\/\/www.futboltotal.com.mx\/?p=444069"},"modified":"2016-11-22T18:14:01","modified_gmt":"2016-11-23T00:14:01","slug":"cristiano-homenajeado-sporting-lisboa","status":"publish","type":"post","link":"http:\/\/desarrollo.grupomedios.com\/futbol\/futbol-internacional\/cristiano-homenajeado-sporting-lisboa\/2016\/11","title":{"rendered":"Cristiano es homenajeado en su regreso a Lisboa"},"content":{"rendered":"<p>El <strong>Sporting de\u00a0Lisboa<\/strong>\u00a0dedic\u00f3 hoy un homenaje al portugu\u00e9s<strong> Cristiano Ronaldo<\/strong> en su regreso al estadio Jos\u00e9 Alvalade con un v\u00eddeo con el que se le nombr\u00f3 socio em\u00e9rito 100.000 del club, antes del partido que el jugador disputar\u00e1 ante el equipo que le vio crecer.<\/p>\n<p>Minutos antes del inicio del encuentro de Liga de Campeones entre el Real Madrid y el Sporting de Lisboa, los paneles electr\u00f3nicos del estadio mostraron un v\u00eddeo con im\u00e1genes de Ronaldo jugando con la camiseta verdiblanca y de su victoria en la Eurocopa con Portugal, mientras el futbolista calentaba en el c\u00e9sped.<\/p>\n<blockquote class=\"twitter-tweet\" data-width=\"500\">\n<p lang=\"pt\" dir=\"ltr\">Hoje o est\u00e1dio est\u00e1 decorado com estandartes <a href=\"https:\/\/twitter.com\/hashtag\/Forma%C3%A7%C3%A3oSCP?src=hash\">#Forma\u00e7\u00e3oSCP<\/a>!Craques que v\u00e3o desde <a href=\"https:\/\/twitter.com\/PauloFutre\">@PauloFutre<\/a>, Manuel Fernandes a <a href=\"https:\/\/twitter.com\/Cristiano\">@Cristiano<\/a> e <a href=\"https:\/\/twitter.com\/LuisFigo\">@LuisFigo<\/a> <a href=\"https:\/\/twitter.com\/hashtag\/UCL?src=hash\">#UCL<\/a> <a href=\"https:\/\/t.co\/OEZ0bDR4A8\">pic.twitter.com\/OEZ0bDR4A8<\/a><\/p>\n<p>&mdash; Sporting CP (@Sporting_CP) <a href=\"https:\/\/twitter.com\/Sporting_CP\/status\/801131969895694336\">November 22, 2016<\/a><\/p><\/blockquote>\n<p><script async src=\"\/\/platform.twitter.com\/widgets.js\" charset=\"utf-8\"><\/script><\/p>\n<p>Adem\u00e1s, cuando los jugadores del Real Madrid saltaron al c\u00e9sped a calentar, la megafon\u00eda del estadio anunci\u00f3 la vuelta de Ronaldo, lo que provoc\u00f3 que los aficionados verdiblancos se levantaran a aplaudir a su antiguo \u00eddolo, que se form\u00f3 en la cantera de los &#8220;leones&#8221;.<\/p>\n<p>Durante las dos horas previas al partido, los paneles electr\u00f3nicos de Alvalade ya mostraban el mensaje &#8220;Bienvenido a casa, Ronaldo&#8221; acompa\u00f1ado de una fotograf\u00eda de un joven Cristiano con la camiseta del Sporting.<\/p>\n<p style=\"text-align: center;\"><span style=\"color: #3366ff;\"><a style=\"color: #3366ff;\" href=\"https:\/\/www.futboltotal.com.mx\/2016\/11\/infantino-propone-un-gps-en-cada-jugador-para-determinar-el-fuera-de-lugar\/\">LEER M\u00c1S: Infantino propone un GPS para determinar el fuera de lugar<\/a><\/span><\/p>\n<p>El \u00faltimo partido de Ronaldo con la camiseta verdiblanca fue el 6 de agosto de 2003, cuando con apenas 18 a\u00f1os disput\u00f3 un amistoso con el Manchester United en el que impresion\u00f3 a Alex Ferguson, ya que s\u00f3lo dos d\u00edas despu\u00e9s puso rumbo a Manchester para fichar por los &#8220;diablos rojos&#8221;.<\/p>\n<p>https:\/\/twitter.com\/realmadrid\/status\/801062894439829508<\/p>\n<p>Ronaldo recordar\u00e1 hoy ese partido, que adem\u00e1s sirvi\u00f3 para inaugurar el estadio, con unas botas especiales que llevan grabada la fecha del encuentro. EFE<\/p>\n","protected":false},"excerpt":{"rendered":"<p>Cristiano regres\u00f3 al estadio que lo vio nacer como futbolista.<\/p>\n","protected":false},"author":144,"featured_media":429034,"comment_status":"closed","ping_status":"closed","sticky":false,"template":"","format":"standard","meta":[],"categories":[3839,5951],"tags":[6013,5988],"_links":{"self":[{"href":"http:\/\/desarrollo.grupomedios.com\/futbol\/wp-json\/wp\/v2\/posts\/444069"}],"collection":[{"href":"http:\/\/desarrollo.grupomedios.com\/futbol\/wp-json\/wp\/v2\/posts"}],"about":[{"href":"http:\/\/desarrollo.grupomedios.com\/futbol\/wp-json\/wp\/v2\/types\/post"}],"author":[{"embeddable":true,"href":"http:\/\/desarrollo.grupomedios.com\/futbol\/wp-json\/wp\/v2\/users\/144"}],"replies":[{"embeddable":true,"href":"http:\/\/desarrollo.grupomedios.com\/futbol\/wp-json\/wp\/v2\/comments?post=444069"}],"version-history":[{"count":0,"href":"http:\/\/desarrollo.grupomedios.com\/futbol\/wp-json\/wp\/v2\/posts\/444069\/revisions"}],"wp:featuredmedia":[{"embeddable":true,"href":"http:\/\/desarrollo.grupomedios.com\/futbol\/wp-json\/wp\/v2\/media\/429034"}],"wp:attachment":[{"href":"http:\/\/desarrollo.grupomedios.com\/futbol\/wp-json\/wp\/v2\/media?parent=444069"}],"wp:term":[{"taxonomy":"category","embeddable":true,"href":"http:\/\/desarrollo.grupomedios.com\/futbol\/wp-json\/wp\/v2\/categories?post=444069"},{"taxonomy":"post_tag","embeddable":true,"href":"http:\/\/desarrollo.grupomedios.com\/futbol\/wp-json\/wp\/v2\/tags?post=444069"}],"curies":[{"name":"wp","href":"https:\/\/api.w.org\/{rel}","templated":true}]}}