{"id":444194,"date":"2016-11-23T09:22:41","date_gmt":"2016-11-23T15:22:41","guid":{"rendered":"https:\/\/www.futboltotal.com.mx\/?p=444194"},"modified":"2016-11-23T10:05:14","modified_gmt":"2016-11-23T16:05:14","slug":"mourinho-confirmo-zlatan-ibrahimovic-renovara-united","status":"publish","type":"post","link":"http:\/\/desarrollo.grupomedios.com\/futbol\/futbol-internacional\/mourinho-confirmo-zlatan-ibrahimovic-renovara-united\/2016\/11","title":{"rendered":"Mourinho confirm\u00f3 que Zlatan renovar\u00e1 con el United"},"content":{"rendered":"<p>El de <strong>Zlatan<\/strong> <strong>Ibrahimovic<\/strong> con el <strong>Manchester United<\/strong> fue uno de los fichajes que m\u00e1s resonaron durante el mercado pasado.<\/p>\n<p>Luego de cuatro temporadas en el <strong>Paris Saint-Germain<\/strong>, el delantero sueco abandon\u00f3 la Ligue 1 y aunque se rumoraba que pod\u00eda ir a la MLS o al futbol de China, <strong>Zlatan<\/strong> acab\u00f3 firmando con los <em>Red Devils<\/em>, en un gesto que se interpret\u00f3 como un deseo por seguir compitiendo en el m\u00e1ximo nivel.<\/p>\n<p style=\"text-align: center;\"><a href=\"https:\/\/www.futboltotal.com.mx\/2016\/11\/zlatan-ibrahimovic-se-compara-emperador-historico\/\" target=\"_blank\"><span style=\"color: #3366ff;\"><strong>LEER M\u00c1S: Zlatan se compara con personaje hist\u00f3rico<\/strong><\/span><\/a><\/p>\n<p>Desde que lleg\u00f3 al cuadro de Old Trafford, se supo que el v\u00ednculo de <strong>Zlatan<\/strong> con el club ser\u00eda por una temporada, con opci\u00f3n a una m\u00e1s; esta, claro est\u00e1, se activar\u00eda de acuerdo a los resultados que la relaci\u00f3n diera al Manchester y a <em>Ibra<\/em>.<\/p>\n<p>Aunque experiment\u00f3 un bache durante su estancia en el cuadro ingl\u00e9s, <strong>Zlatan<\/strong> Ibrahimovic ha obtenido resultados aceptables hasta el momento: acumula seis goles en la Premier League, por lo que es el mejor anotador del equipo ah\u00ed.<\/p>\n<p style=\"text-align: center;\"><a href=\"https:\/\/www.futboltotal.com.mx\/2016\/11\/capello-revelo-convirtio-a-zlatan-ibrahimovic-en-goleador\/\" target=\"_blank\"><span style=\"color: #3366ff;\"><strong>LEER M\u00c1S: Capello revel\u00f3 c\u00f3mo convirti\u00f3 a Zlatan Ibrahimovic en goleador<\/strong><\/span><\/a><\/p>\n<p>Por lo que ha sucedido con el sueco, en el United han decidido activar la cl\u00e1usula para alargar su contrato. El encargado de confirmar esta informaci\u00f3n fue el entrenador del equipo, Jos\u00e9 Mourinho.<\/p>\n<p>En la conferencia de prensa que Mourinho ofreci\u00f3 antes del duelo del cuadro de Old Trafford contra el Feyenoord en la Europa League, declar\u00f3 sobre <em>Ibra<\/em>: \u201cEst\u00e1 feliz, est\u00e1 comprometido, ama su vida como futbolista en Manchester y es el \u00faltimo gran desaf\u00edo de su maravillosa carrera\u201d.<\/p>\n<p style=\"text-align: center;\"><a href=\"https:\/\/www.futboltotal.com.mx\/2016\/11\/zlatan-ibrahimovic-le-pone-fecha-a-retiro\/\" target=\"_blank\"><span style=\"color: #3366ff;\"><strong>LEER M\u00c1S: \u00bfZlatan Ibrahimovic fija fecha a su retiro?<\/strong><\/span><\/a><\/p>\n<p>Luego, el <em>Special One<\/em> revel\u00f3 que el equipo extender\u00e1 el v\u00ednculo de <strong>Zlatan<\/strong>: \u201cLa situaci\u00f3n de Ibrahimovic es simple: tiene un a\u00f1o de contrato m\u00e1s uno opcional. Somos felices con \u00e9l. Vamos a ejecutar la opci\u00f3n de la segunda temporada\u201d.<\/p>\n","protected":false},"excerpt":{"rendered":"<p>Los Red Devils est\u00e1n complacidos con Ibrahimovic y han decidido retenerlo otro a\u00f1o.<\/p>\n","protected":false},"author":20,"featured_media":444195,"comment_status":"closed","ping_status":"closed","sticky":false,"template":"","format":"standard","meta":[],"categories":[3839,3846,5951],"tags":[2264,288,43,1484,334,3465,6059],"_links":{"self":[{"href":"http:\/\/desarrollo.grupomedios.com\/futbol\/wp-json\/wp\/v2\/posts\/444194"}],"collection":[{"href":"http:\/\/desarrollo.grupomedios.com\/futbol\/wp-json\/wp\/v2\/posts"}],"about":[{"href":"http:\/\/desarrollo.grupomedios.com\/futbol\/wp-json\/wp\/v2\/types\/post"}],"author":[{"embeddable":true,"href":"http:\/\/desarrollo.grupomedios.com\/futbol\/wp-json\/wp\/v2\/users\/20"}],"replies":[{"embeddable":true,"href":"http:\/\/desarrollo.grupomedios.com\/futbol\/wp-json\/wp\/v2\/comments?post=444194"}],"version-history":[{"count":0,"href":"http:\/\/desarrollo.grupomedios.com\/futbol\/wp-json\/wp\/v2\/posts\/444194\/revisions"}],"wp:featuredmedia":[{"embeddable":true,"href":"http:\/\/desarrollo.grupomedios.com\/futbol\/wp-json\/wp\/v2\/media\/444195"}],"wp:attachment":[{"href":"http:\/\/desarrollo.grupomedios.com\/futbol\/wp-json\/wp\/v2\/media?parent=444194"}],"wp:term":[{"taxonomy":"category","embeddable":true,"href":"http:\/\/desarrollo.grupomedios.com\/futbol\/wp-json\/wp\/v2\/categories?post=444194"},{"taxonomy":"post_tag","embeddable":true,"href":"http:\/\/desarrollo.grupomedios.com\/futbol\/wp-json\/wp\/v2\/tags?post=444194"}],"curies":[{"name":"wp","href":"https:\/\/api.w.org\/{rel}","templated":true}]}}